{"id":2482,"date":"2024-10-28T11:51:00","date_gmt":"2024-10-28T11:51:00","guid":{"rendered":"https:\/\/247stiri.ro\/index.php\/2024\/10\/28\/sefa-rezistilor-gata-sa-il-ierte-pe-basescu-pentru-ca-a-fost-colaborator-al-securitatii-declaratia-halucinanta-a-elenei-lasconi-a-fost-un-presedinte-bun\/"},"modified":"2024-10-28T11:51:00","modified_gmt":"2024-10-28T11:51:00","slug":"sefa-rezistilor-gata-sa-il-ierte-pe-basescu-pentru-ca-a-fost-colaborator-al-securitatii-declaratia-halucinanta-a-elenei-lasconi-a-fost-un-presedinte-bun","status":"publish","type":"post","link":"https:\/\/247stiri.ro\/index.php\/2024\/10\/28\/sefa-rezistilor-gata-sa-il-ierte-pe-basescu-pentru-ca-a-fost-colaborator-al-securitatii-declaratia-halucinanta-a-elenei-lasconi-a-fost-un-presedinte-bun\/","title":{"rendered":"\u0218efa rezi\u0219tilor, gata s\u0103 \u00eel ierte pe B\u0103sescu  pentru c\u0103 a fost colaborator al Securit\u0103\u021bii. Declara\u021bia halucinant\u0103 a Elenei Lasconi: A fost un pre\u0219edinte bun"},"content":{"rendered":"<p>&#8222;Nu vreau s\u0103 m\u0103 m\u0103rit cu Traian B\u0103sescu. \u00cen al doilea r\u00e2nd, am spus c\u0103 o s\u0103 iau tot ce e mai bun de la fo\u015ftii pre\u015fedin\u0163i.\u00a0<\/p>\n<p>Cred c\u0103 a adus \u00eentr-o zon\u0103 u\u015for mai intim\u0103 pentru c\u0103 a\u0163i \u00eenceput cu un nume \u015fi nu a\u015f vrea s\u0103 dezvolt, dar o s\u0103 iau tot ce e mai bun de la fo\u015ftii pre\u015fedin\u0163i pe care i-a avut Romania. Eu nu l-am aplaudat pe Traian B\u0103sescu pentru c\u0103 a colaborat cu Securitatea. Si detest securi\u015ftii.\u00a0<\/p>\n<p>\u015ei cei care colaboreaz\u0103 cu diverse servicii, dar asta nu \u00eenseamn\u0103 c\u0103 nu po\u0163i s\u0103 apreciezi din exterior, sa nu iei binele de la un om. Nu po\u0163i s\u0103 pui o \u015ftampil\u0103 pe un om c\u0103 e dracu\u2019 pe P\u0103m\u00e2nt.\u00a0<\/p>\n<p>Din punctul meu de vedere, el a fost un pre\u015fedinte bun\u201d, a declarat Elena Lasconi.\u00a0<\/p>\n<p><a href=\"https:\/\/www.realitatea.net\/stiri\/politica\/sondaj-inscop-profilul-viitorului-presedinte-pe-cine-vor-romanii-de-fapt-la-cotroceni-cifrele-care-dinamiteaza-scena-politica_671f6ef84492cf70eb3c3acb\" target=\"_blank\" rel=\"noopener\">Sondaj INSCOP. Profilul viitorului pre\u0219edinte &#8211; pe cine vor rom\u00e2nii, de fapt, la Cotroceni? Cifrele care dinamiteaz\u0103 scena politic\u0103<\/a><\/p>","protected":false},"excerpt":{"rendered":"<p>&#8222;Nu vreau s\u0103 m\u0103 m\u0103rit cu Traian B\u0103sescu. \u00cen al doilea r\u00e2nd, am spus c\u0103&hellip;<\/p>\n","protected":false},"author":0,"featured_media":2483,"comment_status":"open","ping_status":"open","sticky":false,"template":"","format":"standard","meta":{"footnotes":""},"categories":[3],"tags":[],"class_list":["post-2482","post","type-post","status-publish","format-standard","has-post-thumbnail","hentry","category-politica"],"_links":{"self":[{"href":"https:\/\/247stiri.ro\/index.php\/wp-json\/wp\/v2\/posts\/2482","targetHints":{"allow":["GET"]}}],"collection":[{"href":"https:\/\/247stiri.ro\/index.php\/wp-json\/wp\/v2\/posts"}],"about":[{"href":"https:\/\/247stiri.ro\/index.php\/wp-json\/wp\/v2\/types\/post"}],"replies":[{"embeddable":true,"href":"https:\/\/247stiri.ro\/index.php\/wp-json\/wp\/v2\/comments?post=2482"}],"version-history":[{"count":0,"href":"https:\/\/247stiri.ro\/index.php\/wp-json\/wp\/v2\/posts\/2482\/revisions"}],"wp:featuredmedia":[{"embeddable":true,"href":"https:\/\/247stiri.ro\/index.php\/wp-json\/wp\/v2\/media\/2483"}],"wp:attachment":[{"href":"https:\/\/247stiri.ro\/index.php\/wp-json\/wp\/v2\/media?parent=2482"}],"wp:term":[{"taxonomy":"category","embeddable":true,"href":"https:\/\/247stiri.ro\/index.php\/wp-json\/wp\/v2\/categories?post=2482"},{"taxonomy":"post_tag","embeddable":true,"href":"https:\/\/247stiri.ro\/index.php\/wp-json\/wp\/v2\/tags?post=2482"}],"curies":[{"name":"wp","href":"https:\/\/api.w.org\/{rel}","templated":true}]}}