{"id":24838,"date":"2025-01-17T06:45:19","date_gmt":"2025-01-17T06:45:19","guid":{"rendered":"https:\/\/247stiri.ro\/index.php\/2025\/01\/17\/mesaj-ro-alert-pe-fondul-razboiului-din-ucraina-populatia-avertizata-ca-exista-posibilitatea-caderii-unor-obiecte-din-spatiul-aerian\/"},"modified":"2025-01-17T06:45:19","modified_gmt":"2025-01-17T06:45:19","slug":"mesaj-ro-alert-pe-fondul-razboiului-din-ucraina-populatia-avertizata-ca-exista-posibilitatea-caderii-unor-obiecte-din-spatiul-aerian","status":"publish","type":"post","link":"https:\/\/247stiri.ro\/index.php\/2025\/01\/17\/mesaj-ro-alert-pe-fondul-razboiului-din-ucraina-populatia-avertizata-ca-exista-posibilitatea-caderii-unor-obiecte-din-spatiul-aerian\/","title":{"rendered":"Mesaj RO-Alert pe fondul R\u0102ZBOIULUI din Ucraina. Popula\u021bia, avertizat\u0103 c\u0103 &#8222;exist\u0103 posibilitatea c\u0103derii unor obiecte din spa\u021biul aerian\u201d"},"content":{"rendered":"<p>\u201dInspectoratul General pentru Situa\u0163ii de Urgen\u0163\u0103 a emis un mesaj RO-Alert \u00een cursul nop\u0163ii trecute prin care informa popula\u0163ia din zona de nord a jude\u0163ului Tulcea despre posibilitatea c\u0103derii unor obiecte din spa\u0163iul aerian, \u00een zona de grani\u0163\u0103 a Rom\u00e2niei cu Ucraina. Avertizarea a fost transmis\u0103 \u00een urma informa\u0163iilor primite din partea MApN\u201d, a transmis, vineri diminea\u0163\u0103, ISU Tulcea.<\/p>\n<p>\u00a0Potrivit sursei citate, mesajul a fost transmis \u00een jurul orei 1:46, iar avertizarea a durat 90 de minute.\u00a0La scurt timp dup\u0103 transmiterea mesajului, tulcenii au putut auzi \u00eens\u0103 zgomotele specifice avioanelor care survoleaz\u0103 spa\u021biul na\u021bional aerian.&#8221;Men\u021bion\u0103m c\u0103 rolul mesajului este acela de informare \u0219i prevenire a popula\u021biei din zona \u00een care este transmis \u0219i trebuie tratat ca atare. \u00cen cursul nop\u021bii, a fost \u00eenregistrat un apel la num\u0103rul unic 112 prin care se solicitau informa\u021bii. Men\u021bion\u0103m c\u0103 orice cet\u0103\u021bean care se simte \u00een pericol ori observ\u0103 ceva neobi\u0219nuit poate apela num\u0103rul unic de urgen\u021b\u0103 112 pentru ajutor&#8221;, a precizat purt\u0103torul de cuv\u00e2nt al Inspectoratului pentru Situa\u021bii de Urgen\u021b\u0103 Delta, Cristina Profir.Acesta este primul mesaj RO-ALERT emis de la \u00eenceputul anului pentru comunit\u0103\u021bile din jude\u021bul Tulcea, pe fondul r\u0103zboiului din Ucraina.\u00a0<\/p>","protected":false},"excerpt":{"rendered":"<p>\u201dInspectoratul General pentru Situa\u0163ii de Urgen\u0163\u0103 a emis un mesaj RO-Alert \u00een cursul nop\u0163ii trecute&hellip;<\/p>\n","protected":false},"author":0,"featured_media":24839,"comment_status":"open","ping_status":"open","sticky":false,"template":"","format":"standard","meta":{"footnotes":""},"categories":[2],"tags":[],"class_list":["post-24838","post","type-post","status-publish","format-standard","has-post-thumbnail","hentry","category-actual"],"_links":{"self":[{"href":"https:\/\/247stiri.ro\/index.php\/wp-json\/wp\/v2\/posts\/24838","targetHints":{"allow":["GET"]}}],"collection":[{"href":"https:\/\/247stiri.ro\/index.php\/wp-json\/wp\/v2\/posts"}],"about":[{"href":"https:\/\/247stiri.ro\/index.php\/wp-json\/wp\/v2\/types\/post"}],"replies":[{"embeddable":true,"href":"https:\/\/247stiri.ro\/index.php\/wp-json\/wp\/v2\/comments?post=24838"}],"version-history":[{"count":0,"href":"https:\/\/247stiri.ro\/index.php\/wp-json\/wp\/v2\/posts\/24838\/revisions"}],"wp:featuredmedia":[{"embeddable":true,"href":"https:\/\/247stiri.ro\/index.php\/wp-json\/wp\/v2\/media\/24839"}],"wp:attachment":[{"href":"https:\/\/247stiri.ro\/index.php\/wp-json\/wp\/v2\/media?parent=24838"}],"wp:term":[{"taxonomy":"category","embeddable":true,"href":"https:\/\/247stiri.ro\/index.php\/wp-json\/wp\/v2\/categories?post=24838"},{"taxonomy":"post_tag","embeddable":true,"href":"https:\/\/247stiri.ro\/index.php\/wp-json\/wp\/v2\/tags?post=24838"}],"curies":[{"name":"wp","href":"https:\/\/api.w.org\/{rel}","templated":true}]}}