{"id":2484,"date":"2024-10-28T11:51:00","date_gmt":"2024-10-28T11:51:00","guid":{"rendered":"https:\/\/247stiri.ro\/index.php\/2024\/10\/28\/sondaj-inscop-profilul-viitorului-presedinte-pe-cine-vor-romanii-de-fapt-la-cotroceni-cifrele-care-dinamiteaza-scena-politica\/"},"modified":"2024-10-28T11:51:00","modified_gmt":"2024-10-28T11:51:00","slug":"sondaj-inscop-profilul-viitorului-presedinte-pe-cine-vor-romanii-de-fapt-la-cotroceni-cifrele-care-dinamiteaza-scena-politica","status":"publish","type":"post","link":"https:\/\/247stiri.ro\/index.php\/2024\/10\/28\/sondaj-inscop-profilul-viitorului-presedinte-pe-cine-vor-romanii-de-fapt-la-cotroceni-cifrele-care-dinamiteaza-scena-politica\/","title":{"rendered":"Sondaj INSCOP. Profilul viitorului pre\u0219edinte &#8211; pe cine vor rom\u00e2nii, de fapt, la Cotroceni? Cifrele care dinamiteaz\u0103 scena politic\u0103"},"content":{"rendered":"<p>\u00centreba\u021bi cum ar trebui s\u0103 fie viitorul pre\u0219edinte al Rom\u00e2niei, 67.5% dintre rom\u00e2ni ar prefera ca viitorul pre\u0219edinte al Rom\u00e2niei s\u0103 fie mai degrab\u0103 un candidat pro-occidental, \u00een timp ce 17.1% ar prefera mai degrab\u0103 un candidat anti-occidental. 3.9% spun c\u0103 acest aspect nu conteaz\u0103, iar 11.5% nu \u0219tiu sau nu r\u0103spund.<\/p>\n<p>Iat\u0103 cum arat\u0103 profilul pre\u0219edintelui:<\/p>\n<p>\u201dMarea majoritate a rom\u00e2nilor declar\u0103 c\u0103 \u0219i-ar dori un pre\u0219edinte pro-occidental \u0219i cu experien\u021b\u0103. \u00cen ceea ce prive\u0219te rela\u021bia cu partidele politice, rom\u00e2nii sunt \u00eemp\u0103r\u021bi\u021bi \u00een dou\u0103 tabere relativ egale, jum\u0103tate declar\u00e2nd c\u0103 prefer\u0103 un pre\u0219edinte independent de partide, iar cealalt\u0103 c\u0103 prefer\u0103 ca pre\u0219edinte reprezentantul unui partid. Op\u021biunile generice ale rom\u00e2nilor care definesc reperele principale ale profilului pre\u0219edintelui sunt relevante mai ales pentru turul al doilea al alegerilor preziden\u021biale. Ele pot avea o influen\u021b\u0103 \u0219i asupra op\u021biunilor de tur \u00eent\u00e2i doar \u00een m\u0103sura \u00een care va deveni relevant\u0103 o dezbatere despre profilul dezirabil al pre\u0219edintelui\u201d, spune Remus \u0218tefureac, director INSCOP Research.<\/p>\n<p>Ar prefera mai degrab\u0103 un candidat pro-occidental \u00een special: votan\u021bii lui Mircea Geoan\u0103 \u0219i ai Elenei Lasconi, votan\u021bii USR, tinerii sub 30 de ani, persoanele cu studii superioare, locuitorii din Bucure\u0219ti sau din urbanul mare.\u00a0<\/p>\n<p>Ar prefera mai degrab\u0103 un candidat anti-occidental mai ales: votan\u021bii lui George Simion, votan\u021bii AUR, cele cu educa\u021bie primar\u0103 \u0219i utilizatorii de TikTok.<\/p>\n<p>70.6% dintre cei intervieva\u021bi declar\u0103 c\u0103 ar prefera mai degrab\u0103 pe cineva cu experien\u021b\u0103, iar 24.5% spun c\u0103 ar prefera mai degrab\u0103 pe cineva mai t\u00e2n\u0103r. 3.7% spun c\u0103 acest aspect nu conteaz\u0103, iar 1.2% nu \u0219tiu sau nu r\u0103spund.<\/p>\n<p>Ar prefera ca viitorul pre\u0219edinte al Rom\u00e2niei s\u0103 fie cineva mai t\u00e2n\u0103r \u00een special: votan\u021bii Elenei Lasconi \u0219i ai lui George Simion, votan\u021bii USR \u0219i ai AUR, persoanele cu v\u00e2rsta sub 45 de ani. Votan\u021bii lui Marcel Ciolacu \u0219i ai lui Mircea Geoan\u0103, votan\u021bii PNL \u0219i ai PSD, persoanele cu v\u00e2rsta peste 45 de ani declar\u0103 \u00eentr-o propor\u021bie mai mare dec\u00e2t media c\u0103 ar prefera mai degrab\u0103 pe cineva cu experien\u021b\u0103.<\/p>\n<p>44.5% dintre participan\u021bii la sondaj ar prefera ca viitorul pre\u0219edinte al Rom\u00e2niei s\u0103 fie mai degrab\u0103 cineva independent de partide. 41.9% ar prefera mai degrab\u0103 reprezentantul unui partid politic pentru prima func\u021bie \u00een stat. 7.1% spun c\u0103 acest aspect nu conteaz\u0103, iar 6.5% nu \u0219tiu sau nu r\u0103spund.<\/p>\n<p>Metodologie:\u00a0<\/p>\n<p>Datele au fost culese \u00een perioada 11-18 octombrie 2024.\u00a0Metoda de cercetare: interviu prin intermediul chestionarului<\/p>\n<p>Datele au fost culese prin metoda CATI (interviuri telefonice), volumul e\u0219antionului simplu, stratificat fiind de 1106 de persoane, reprezentativ pe categoriile socio-demografice semnificative (sex, v\u00e2rst\u0103, ocupa\u021bie) pentru popula\u021bia neinstitu\u021bionalizat\u0103 a Rom\u00e2niei, cu v\u00e2rsta de 18 ani \u0219i peste.\u00a0<\/p>\n<p>Eroarea maxim\u0103 admis\u0103 a datelor este de \u00b1 2.95%, la un grad de \u00eencredere de 95%<\/p>\n<p>\u00a0<\/p>","protected":false},"excerpt":{"rendered":"<p>\u00centreba\u021bi cum ar trebui s\u0103 fie viitorul pre\u0219edinte al Rom\u00e2niei, 67.5% dintre rom\u00e2ni ar prefera&hellip;<\/p>\n","protected":false},"author":0,"featured_media":2485,"comment_status":"open","ping_status":"open","sticky":false,"template":"","format":"standard","meta":{"footnotes":""},"categories":[3],"tags":[],"class_list":["post-2484","post","type-post","status-publish","format-standard","has-post-thumbnail","hentry","category-politica"],"_links":{"self":[{"href":"https:\/\/247stiri.ro\/index.php\/wp-json\/wp\/v2\/posts\/2484","targetHints":{"allow":["GET"]}}],"collection":[{"href":"https:\/\/247stiri.ro\/index.php\/wp-json\/wp\/v2\/posts"}],"about":[{"href":"https:\/\/247stiri.ro\/index.php\/wp-json\/wp\/v2\/types\/post"}],"replies":[{"embeddable":true,"href":"https:\/\/247stiri.ro\/index.php\/wp-json\/wp\/v2\/comments?post=2484"}],"version-history":[{"count":0,"href":"https:\/\/247stiri.ro\/index.php\/wp-json\/wp\/v2\/posts\/2484\/revisions"}],"wp:featuredmedia":[{"embeddable":true,"href":"https:\/\/247stiri.ro\/index.php\/wp-json\/wp\/v2\/media\/2485"}],"wp:attachment":[{"href":"https:\/\/247stiri.ro\/index.php\/wp-json\/wp\/v2\/media?parent=2484"}],"wp:term":[{"taxonomy":"category","embeddable":true,"href":"https:\/\/247stiri.ro\/index.php\/wp-json\/wp\/v2\/categories?post=2484"},{"taxonomy":"post_tag","embeddable":true,"href":"https:\/\/247stiri.ro\/index.php\/wp-json\/wp\/v2\/tags?post=2484"}],"curies":[{"name":"wp","href":"https:\/\/api.w.org\/{rel}","templated":true}]}}