{"id":24843,"date":"2025-01-17T06:45:20","date_gmt":"2025-01-17T06:45:20","guid":{"rendered":"https:\/\/247stiri.ro\/index.php\/2025\/01\/17\/ordonanta-trenulet-scoate-oamenii-in-strada-protest-al-sindicalistilor-din-aparare-ordine-publica-si-siguranta-nationala-la-bucuresti-traficul-dat-peste-cap\/"},"modified":"2025-01-17T06:45:20","modified_gmt":"2025-01-17T06:45:20","slug":"ordonanta-trenulet-scoate-oamenii-in-strada-protest-al-sindicalistilor-din-aparare-ordine-publica-si-siguranta-nationala-la-bucuresti-traficul-dat-peste-cap","status":"publish","type":"post","link":"https:\/\/247stiri.ro\/index.php\/2025\/01\/17\/ordonanta-trenulet-scoate-oamenii-in-strada-protest-al-sindicalistilor-din-aparare-ordine-publica-si-siguranta-nationala-la-bucuresti-traficul-dat-peste-cap\/","title":{"rendered":"Ordonan\u0163a trenule\u0163 scoate oamenii \u00een strad\u0103: PROTEST al sindicali\u015ftilor din ap\u0103rare, ordine public\u0103 \u015fi siguran\u0163\u0103 na\u0163ional\u0103, la Bucure\u015fti &#8211; TRAFICUL, dat peste cap"},"content":{"rendered":"<p>Sindicatele din ap\u0103rare, ordine public\u0103 \u015fi siguran\u0163\u0103 na\u0163ional\u0103 anun\u0163\u0103 protest \u00een Bucure\u015fti, vineri, de la ora 12.00, dup\u0103 ce negocierile cu conducerea MAI au e\u015fuat.<\/p>\n<p>\u201dAstfel, la data de 17.01.2025, \u00eencep\u00e2nd cu ora 12.00, \u00eencepem protestul comun al organiza\u0163iilor sindicale din familia ocupa\u0163ional\u0103 \u00a0ap\u0103rare, ordine public\u0103 \u015fi siguran\u0163\u0103 na\u0163ional\u0103 &#8211; la care se al\u0103tur\u0103 \u015fi unele structuri asociative ale rezervi\u015ftilor militari, inclusiv ACMRR din MAI -, \u00a0\u00een Pia\u0163a Constitu\u0163iei, de unde vom pleca \u00een mar\u015f c\u0103tre Ministerul Finan\u0163elor, Ministerul Justi\u0163iei, Ministerul Muncii, Ministerul Afacerilor Interne, urm\u00e2nd apoi traseul spre Pia\u0163a Victoriei, la Guvern, unde vom protesta p\u00e2n\u0103 la ora 16.00-16.30\u201d, au transmis sindicali\u015ftii.<\/p>\n<p>Ace\u015ftia anun\u0163\u0103 c\u0103 protestul este autorizat.<\/p>\n<p>Sindiali\u015ftii cer:\u00a0<\/p>\n<p>1 &#8211; revenire la plata major\u0103rii pentru orele lucrate planificat \u00een weekend \u015fi s\u0103rb\u0103tori legale, plata major\u0103rii pentru orelor suplimentare prestate de luni p\u00e2n\u0103 duminic\u0103<\/p>\n<p>2 &#8211; indexarea pensiilor militare cu rata medie a infla\u0163iei cunoscute<\/p>\n<p>De asemenea, sindicali\u015ftii readuc \u00een discu\u0163ie \u015fi alte probleme din sistem:<\/p>\n<p>&#8211; salarizarea precar\u0103 din ultimii ani, urmare neaplic\u0103rii, la termenele prev\u0103zute, a Legii-cadru nr. 153\/2017 &#8211; Anexele VI \u015fi VIII referitoare la militarii, poli\u0163i\u015ftii \u015fi personalul contractual din Sistemul Na\u0163ional de Ap\u0103rare, Ordine Public\u0103 \u015fi Siguran\u0163\u0103 Na\u0163ional\u0103 -, act normativ prorogat an de an \u00een defavoarea familiei noastre ocupa\u0163ionale;<\/p>\n<p>&#8211; acordarea, de mai mul\u0163i ani, a unor drepturi financiare diminuate (sporuri, indemniza\u0163ii, compensa\u0163ii), prin raportarea acestora la un cuantum al salariului de func\u0163ie\/de baz\u0103 necorelat cu Legea 153\/2017 \u015fi cu salariul minim brut pe economie; de exemplu, compensa\u0163ia pentru chirie se raporteaz\u0103 la anul 2009 (\u00een majoritatea cazurilor, suma primit\u0103 este infim\u0103, de circa 400 lei, inclusiv \u00een municipii re\u015fedin\u0163\u0103 de jude\u0163);<\/p>\n<p>&#8211; actualizarea normei de hran\u0103, prin raportare la valoarea actual\u0103 a indicilor pre\u0163urilor produselor de consum \/ utilit\u0103\u0163ilor \u015fi la datele statistice furnizate oficial de c\u0103tre INS (scriptic, este actualizat\u0103 la 50 lei\/zi, dar \u00een plat\u0103 se achit\u0103 doar 34 lei\/zi, fiind plafonat\u0103 prin OUG trenule\u0163 succesive );<\/p>\n<p>&#8211; deficitul de personal, de peste 20%, care are repercusiuni negative asupra eficien\u0163ei serviciului poli\u0163ienesc \u015fi impune efectuarea de ore\/misiuni suplimentare de c\u0103tre angaja\u0163ii \u00een activitate, \u015fi dotarea insuficient\u0103 cu mijloace \u015fi echipamente tehnice \u015fi tactice de interven\u0163ie poli\u0163ieneasc\u0103 \u015fi de protec\u0163ie fizic\u0103 a poli\u0163i\u015ftilor etc<\/p>\n<p>&#8211; eliminarea inechit\u0103\u0163ilor din sistemul pensiilor militare de stat \u015fi actualizarea acestora prin raportare la valorile coeficien\u0163ilor afla\u0163i \u00een plat\u0103 pentru cadrele militare \/ poli\u0163i\u015ftii \u00een activitate, dat fiind faptul c\u0103 rezervi\u015ftii sunt una dintre cele trei categorii de For\u0163e Armate stipulate \u00een Statutul cadrelor militare \u015fi \u00een Legea 446\/2006 privind preg\u0103tirea popula\u0163iei pentru ap\u0103rare.<\/p>\n<p>Restric\u0163ii de trafic \u00een Bucure\u0219ti\u00a0<\/p>\n<p>Brigada Rutier\u0103 a Capitalei va impune restric\u0163ii de trafic pentru buna derulare a protestului, care se va derula dup\u0103 urm\u0103torul program:\u00a0<\/p>\n<p>&#8211; \u00eentre orele 11.00 \u2013 12.00, adunarea participan\u0163ilor \u00een Pia\u0163a Constitu\u0163iei;<\/p>\n<p>&#8211; \u00eentre orele 12.00 \u2013 13.00, adunare public\u0103 la sediul Ministerului Finan\u0163elor \u015fi Ministerului Justi\u0163iei, situate pe Bd. Libert\u0103\u0163ii, pe trotuar.<\/p>\n<p>&#8211; \u00eentre orele 13.00 \u2013 13.45, deplasarea participan\u0163ilor pe traseul Bd. Libert\u0103\u0163ii \u2013 Bd. Unirii \u2013 Pia\u0163a Unirii \u2013 Bd. I.C. Br\u0103tianu \u2013 Pia\u0163a Universit\u0103\u0163ii \u2013 st\u00e2nga Dem. I. Dobrescu \u2013 sediul Ministerului Afacerilor Interne.<\/p>\n<p>&#8211; \u00eentre orele 13.45 \u2013 14.15, adunare public\u0103 la sediul Ministerului Afacerilor Interne.<\/p>\n<p>&#8211; \u00eentre orele 14.15 \u2013 15.00, deplasarea participan\u0163ilor pe traseul sediul Ministerului Afacerilor Interne \u2013 Str. Dem. I. Dobrescu \u2013 st\u00e2nga Bd. Nicolae B\u0103lcescu \u2013 Bd. Gheorghe Magheru \u2013 Pia\u0163a Roman\u0103 \u2013 Bd. Lasc\u0103r Catargiu \u2013 punct final Pia\u0163a Victoriei (alveola central\u0103);<\/p>\n<p>&#8211; \u00eentre orele 15.00 \u2013 16.15, adunare public\u0103 \u00een Pia\u0163a Victoriei (alveola central\u0103);<\/p>\n<p>&#8211; \u00eentre orele 16.15 \u2013 16.30, defluirea total\u0103 a participan\u0163ilor.<\/p>\n<p>\u201dBrigada Rutier\u0103 va dispune m\u0103suri de fluidizare a traficului \u015fi de prevenire a accidentelor \u015fi solicit\u0103 conduc\u0103torilor de autovehicule s\u0103 circule cu pruden\u0163\u0103, s\u0103 p\u0103streze o distan\u0163\u0103 suficient\u0103 pentru a putea fr\u00e2na \u00een condi\u0163ii de siguran\u0163\u0103, s\u0103 nu opreasc\u0103 ori s\u0103 sta\u0163ioneze dec\u00e2t \u00een locurile special amenajate \u015fi s\u0103 respecte semnalele \u015fi indica\u0163iile poli\u0163i\u015ftilor rutieri\u201d, a transmis Brigada Rutier\u0103 a Capitalei.<\/p>\n<p>\u00a0<\/p>\n<p>\u00a0<\/p>","protected":false},"excerpt":{"rendered":"<p>Sindicatele din ap\u0103rare, ordine public\u0103 \u015fi siguran\u0163\u0103 na\u0163ional\u0103 anun\u0163\u0103 protest \u00een Bucure\u015fti, vineri, de la&hellip;<\/p>\n","protected":false},"author":0,"featured_media":24844,"comment_status":"open","ping_status":"open","sticky":false,"template":"","format":"standard","meta":{"footnotes":""},"categories":[2],"tags":[],"class_list":["post-24843","post","type-post","status-publish","format-standard","has-post-thumbnail","hentry","category-actual"],"_links":{"self":[{"href":"https:\/\/247stiri.ro\/index.php\/wp-json\/wp\/v2\/posts\/24843","targetHints":{"allow":["GET"]}}],"collection":[{"href":"https:\/\/247stiri.ro\/index.php\/wp-json\/wp\/v2\/posts"}],"about":[{"href":"https:\/\/247stiri.ro\/index.php\/wp-json\/wp\/v2\/types\/post"}],"replies":[{"embeddable":true,"href":"https:\/\/247stiri.ro\/index.php\/wp-json\/wp\/v2\/comments?post=24843"}],"version-history":[{"count":0,"href":"https:\/\/247stiri.ro\/index.php\/wp-json\/wp\/v2\/posts\/24843\/revisions"}],"wp:featuredmedia":[{"embeddable":true,"href":"https:\/\/247stiri.ro\/index.php\/wp-json\/wp\/v2\/media\/24844"}],"wp:attachment":[{"href":"https:\/\/247stiri.ro\/index.php\/wp-json\/wp\/v2\/media?parent=24843"}],"wp:term":[{"taxonomy":"category","embeddable":true,"href":"https:\/\/247stiri.ro\/index.php\/wp-json\/wp\/v2\/categories?post=24843"},{"taxonomy":"post_tag","embeddable":true,"href":"https:\/\/247stiri.ro\/index.php\/wp-json\/wp\/v2\/tags?post=24843"}],"curies":[{"name":"wp","href":"https:\/\/api.w.org\/{rel}","templated":true}]}}