{"id":24867,"date":"2025-01-17T07:45:01","date_gmt":"2025-01-17T07:45:01","guid":{"rendered":"https:\/\/247stiri.ro\/index.php\/2025\/01\/17\/noi-proteste-anuntate-din-cauza-ordonantei-saraciei-angajatii-elcen-ies-in-strada\/"},"modified":"2025-01-17T07:45:01","modified_gmt":"2025-01-17T07:45:01","slug":"noi-proteste-anuntate-din-cauza-ordonantei-saraciei-angajatii-elcen-ies-in-strada","status":"publish","type":"post","link":"https:\/\/247stiri.ro\/index.php\/2025\/01\/17\/noi-proteste-anuntate-din-cauza-ordonantei-saraciei-angajatii-elcen-ies-in-strada\/","title":{"rendered":"Noi proteste anun\u021bate din cauza ordonan\u021bei s\u0103r\u0103ciei: angaja\u021bii ELCEN ies \u00een strad\u0103\u00a0"},"content":{"rendered":"<p>Sindicatul Liber Independent din Sucursala Electrocentrale Bucuresti ELCEN (SLI-SEB), afiliat la Blocul Na\u021bional Sindical (BNS), al\u0103turi de celelalte organiza\u021bii sindicale din cadrul societ\u0103\u021bii, anun\u021b\u0103 declan\u0219area protestelor luni, 20 ianuarie, \u00eencep\u00e2nd cu ora 15:30, \u00een fa\u021ba sediului societ\u0103\u021bii.<\/p>\n<p>La protest sunt a\u0219tepta\u021bi s\u0103 participe aproximativ 1.000 de angaja\u021bi.<\/p>\n<p>Sindicatul Liber Independent din Sucursala Electrocentrale Bucure\u0219ti spune c\u0103 Ordonan\u021ba Trenule\u021b afecteaz\u0103 drepturile salariale stabilite \u00een contractul colectiv de munc\u0103 \u00eenregistrat care, conform legisla\u021biei \u00een vigoare, nu poate fi modificat unilateral.<\/p>\n<p>\u201eNoua ordonan\u021b\u0103 guvernamental\u0103 nu poate modifica \u00een mod legal contractul colectiv de munc\u0103 semnat, asumat \u0219i \u00eenregistrat, pentru c\u0103 acesta este un drept salarial stabilit prin contract \u00een urma negocierilor dintre p\u0103r\u021bi (nu prin lege) \u0219i nu poate fi modificat dec\u00e2t prin acordul p\u0103r\u021bilor, iar Guvernul nu face parte din acest contract\u201d, a declarat Cristian Popescu, pre\u0219edintele SLI-SEB.<\/p>\n<p>Blocul Na\u021bional Sindical sus\u021bine ac\u021biunile angaja\u021bilor ELCEN \u0219i reafirm\u0103 importan\u021ba respect\u0103rii contractelor colective de munc\u0103 \u0219i a dialogului social real \u00een rezolvarea acestor conflicte.<\/p>","protected":false},"excerpt":{"rendered":"<p>Sindicatul Liber Independent din Sucursala Electrocentrale Bucuresti ELCEN (SLI-SEB), afiliat la Blocul Na\u021bional Sindical (BNS),&hellip;<\/p>\n","protected":false},"author":0,"featured_media":24868,"comment_status":"open","ping_status":"open","sticky":false,"template":"","format":"standard","meta":{"footnotes":""},"categories":[2],"tags":[],"class_list":["post-24867","post","type-post","status-publish","format-standard","has-post-thumbnail","hentry","category-actual"],"_links":{"self":[{"href":"https:\/\/247stiri.ro\/index.php\/wp-json\/wp\/v2\/posts\/24867","targetHints":{"allow":["GET"]}}],"collection":[{"href":"https:\/\/247stiri.ro\/index.php\/wp-json\/wp\/v2\/posts"}],"about":[{"href":"https:\/\/247stiri.ro\/index.php\/wp-json\/wp\/v2\/types\/post"}],"replies":[{"embeddable":true,"href":"https:\/\/247stiri.ro\/index.php\/wp-json\/wp\/v2\/comments?post=24867"}],"version-history":[{"count":0,"href":"https:\/\/247stiri.ro\/index.php\/wp-json\/wp\/v2\/posts\/24867\/revisions"}],"wp:featuredmedia":[{"embeddable":true,"href":"https:\/\/247stiri.ro\/index.php\/wp-json\/wp\/v2\/media\/24868"}],"wp:attachment":[{"href":"https:\/\/247stiri.ro\/index.php\/wp-json\/wp\/v2\/media?parent=24867"}],"wp:term":[{"taxonomy":"category","embeddable":true,"href":"https:\/\/247stiri.ro\/index.php\/wp-json\/wp\/v2\/categories?post=24867"},{"taxonomy":"post_tag","embeddable":true,"href":"https:\/\/247stiri.ro\/index.php\/wp-json\/wp\/v2\/tags?post=24867"}],"curies":[{"name":"wp","href":"https:\/\/api.w.org\/{rel}","templated":true}]}}