{"id":24891,"date":"2025-01-17T08:45:09","date_gmt":"2025-01-17T08:45:09","guid":{"rendered":"https:\/\/247stiri.ro\/index.php\/2025\/01\/17\/romania-a-alertat-structurile-nato-dupa-atacurile-rusiei-la-granita-riscuri-majore-pentru-intreaga-regiune\/"},"modified":"2025-01-17T08:45:09","modified_gmt":"2025-01-17T08:45:09","slug":"romania-a-alertat-structurile-nato-dupa-atacurile-rusiei-la-granita-riscuri-majore-pentru-intreaga-regiune","status":"publish","type":"post","link":"https:\/\/247stiri.ro\/index.php\/2025\/01\/17\/romania-a-alertat-structurile-nato-dupa-atacurile-rusiei-la-granita-riscuri-majore-pentru-intreaga-regiune\/","title":{"rendered":"Rom\u00e2nia a alertat structurile NATO dup\u0103 atacurile Rusiei la grani\u021b\u0103! Riscuri majore pentru \u00eentreaga regiune"},"content":{"rendered":"<p>\u201e\u00cen diminea\u021ba zilei de 17 ianuarie, \u00een proximitatea frontierei cu Rom\u00e2nia, \u00een jude\u021bul Tulcea, sistemele de monitorizare \u0219i supraveghere ale Ministerului Ap\u0103r\u0103rii Na\u021bionale au semnalat \u00eenc\u0103lc\u0103ri ale spa\u021biului aerian rom\u00e2nesc \u00een contextul \u00een care for\u021be ruse au reluat seria de atacuri cu drone asupra unor obiective civile \u0219i infrastructur\u0103 portuar\u0103 din Ucraina.<\/p>\n<p>MApN si MAE au informat \u0219i informeaz\u0103 \u00een timp real structurile aliate cu privire la situa\u021biile cauzate de atacuri, r\u0103m\u00e2n\u00e2nd \u00een contact permanent cu acestea.<\/p>\n<p>Respectarea suveranit\u0103\u021bii, securit\u0103\u021bii \u0219i p\u0103cii sunt obliga\u021bii pe care Federa\u021bia Rus\u0103 le \u00eencalc\u0103 \u00een mod sistematic \u0219i neprovocat.<\/p>\n<p>Ac\u021biunile agresive persistente, ocuparea ilegal\u0103 a unor teritorii ale vecinilor \u0219i r\u0103zboiul ilegal pe care Rusia \u00eel duce la scar\u0103 ampl\u0103 de aproape trei ani \u00eempotriva unui vecin suveran reprezint\u0103 o amenin\u021bare persistent\u0103 \u0219i serioas\u0103 nu doar la adresa Ucrainei ci a \u00eentregii regiuni a M\u0103rii Negre \u0219i a Flancului Estic al Alian\u021bei Nord Atlantice&#8221;, a comunicat MAE.<\/p>\n<p><a href=\"https:\/\/www.realitatea.net\/stiri\/actual\/alerta-la-granita-romaniei-urme-ale-unui-posibil-impact-al-unei-drone-descoperite-in-zona-localitatii-plauru-din-judetul-tulcea-zona-a-fost-securizata_6789f8967da898318d37b880\" target=\"_blank\">Ru\u0219ii au lansat un nou atac l\u00e2ng\u0103 Rom\u00e2nia. MApN a trimis dou\u0103 avioane F-16. Mesaj RO-Alert pentru popula\u021bie<\/a><\/p>","protected":false},"excerpt":{"rendered":"<p>\u201e\u00cen diminea\u021ba zilei de 17 ianuarie, \u00een proximitatea frontierei cu Rom\u00e2nia, \u00een jude\u021bul Tulcea, sistemele&hellip;<\/p>\n","protected":false},"author":0,"featured_media":24892,"comment_status":"open","ping_status":"open","sticky":false,"template":"","format":"standard","meta":{"footnotes":""},"categories":[2],"tags":[],"class_list":["post-24891","post","type-post","status-publish","format-standard","has-post-thumbnail","hentry","category-actual"],"_links":{"self":[{"href":"https:\/\/247stiri.ro\/index.php\/wp-json\/wp\/v2\/posts\/24891","targetHints":{"allow":["GET"]}}],"collection":[{"href":"https:\/\/247stiri.ro\/index.php\/wp-json\/wp\/v2\/posts"}],"about":[{"href":"https:\/\/247stiri.ro\/index.php\/wp-json\/wp\/v2\/types\/post"}],"replies":[{"embeddable":true,"href":"https:\/\/247stiri.ro\/index.php\/wp-json\/wp\/v2\/comments?post=24891"}],"version-history":[{"count":0,"href":"https:\/\/247stiri.ro\/index.php\/wp-json\/wp\/v2\/posts\/24891\/revisions"}],"wp:featuredmedia":[{"embeddable":true,"href":"https:\/\/247stiri.ro\/index.php\/wp-json\/wp\/v2\/media\/24892"}],"wp:attachment":[{"href":"https:\/\/247stiri.ro\/index.php\/wp-json\/wp\/v2\/media?parent=24891"}],"wp:term":[{"taxonomy":"category","embeddable":true,"href":"https:\/\/247stiri.ro\/index.php\/wp-json\/wp\/v2\/categories?post=24891"},{"taxonomy":"post_tag","embeddable":true,"href":"https:\/\/247stiri.ro\/index.php\/wp-json\/wp\/v2\/tags?post=24891"}],"curies":[{"name":"wp","href":"https:\/\/api.w.org\/{rel}","templated":true}]}}