{"id":24908,"date":"2025-01-17T09:45:20","date_gmt":"2025-01-17T09:45:20","guid":{"rendered":"https:\/\/247stiri.ro\/index.php\/2025\/01\/17\/bomba-cu-ceas-de-pe-masa-guvernului-ciolacu-un-cunoscut-economist-o-scamatorie-fiscala-care-dovedeste-foamea-de-bani-a-guvernului\/"},"modified":"2025-01-17T09:45:20","modified_gmt":"2025-01-17T09:45:20","slug":"bomba-cu-ceas-de-pe-masa-guvernului-ciolacu-un-cunoscut-economist-o-scamatorie-fiscala-care-dovedeste-foamea-de-bani-a-guvernului","status":"publish","type":"post","link":"https:\/\/247stiri.ro\/index.php\/2025\/01\/17\/bomba-cu-ceas-de-pe-masa-guvernului-ciolacu-un-cunoscut-economist-o-scamatorie-fiscala-care-dovedeste-foamea-de-bani-a-guvernului\/","title":{"rendered":"\u201eBomba cu ceas\u201d de pe masa Guvernului Ciolacu. Un cunoscut economist: \u201eO scamatorie fiscal\u0103 care dovede\u0219te foamea de bani a Guvernului\u201d"},"content":{"rendered":"<p>Analistul economic Adrian Negrescu a comentat punctual m\u0103sura pe care dore\u0219te s\u0103 o implementeze alian\u021ba PSD-PNL-UDMR-minorit\u0103\u021bi.<\/p>\n<p>\u201eIdeea de a unifica impozitul pe salarii cu contribu\u021bia la s\u0103n\u0103tate ascunde, de fapt, o alt\u0103 bomb\u0103 fiscal\u0103, preg\u0103tit\u0103 de guvern \u2013 preluarea pilonului 2 de pensii.<\/p>\n<p>Aceast\u0103 scamatorie financiar\u0103 g\u00e2ndit\u0103 de MFP dovede\u0219te foamea de bani a guvernului \u0219i lipsa oric\u0103rui scrupul \u00een privin\u021ba utiliz\u0103rii banilor contribuabililor.<\/p>\n<p>Ignor\u00e2nd principiile elementare ale politicii fiscale \u2013 trasabilitatea, neutralitatea \u0219i predictibilitatea, decizia vine s\u0103 ofere politicienilor posibilitatea de a jongla cum vor cu banii din asigur\u0103rile de s\u0103n\u0103tate, pentru a acoperi g\u0103urile din buget&#8221;, a notat Negrescu, pe pagina sa de Facebook.<\/p>\n<p>Bugetul de la sistemul de s\u0103n\u0103tate este \u00een pericol, avertizeaz\u0103 Negrescu. Astfel, ar putea fi direc\u021biona\u021bi mai mul\u021bi bani c\u0103tre angaja\u021bii din sistem, mul\u021bi dintre ei membri de partid \u0219i c\u0103tre pensii, majorate f\u0103r\u0103 generarea unor venituri bugetare sustenabile.<\/p>\n<p>\u201eEfectele sunt inerente \u2013 dincolo de sc\u0103derea veniturilor salaria\u021bilor, vom asista la o reducere real\u0103 a sumelor alocate sectorului de s\u0103n\u0103tate public\u0103 \u2013 \u00een loc s\u0103 mearg\u0103 la s\u0103n\u0103tate, banii din contribu\u021bii vor putea fi folosi\u021bi, f\u0103r\u0103 niciun fel de restric\u021bie, la acoperirea deficitului bugetar.<\/p>\n<p>Pare c\u0103 vom ajunge s\u0103 pl\u0103tim salariile bugetarilor, pensiile, investi\u021biile n\u0103stru\u0219nice ale politicienilor din banii din s\u0103n\u0103tate&#8221;, a punctat analistul economic.<\/p>\n<p>Ini\u021biativa coali\u021biei este demn\u0103 de \u201eo \u021bar\u0103 de lumea a treia&#8221;, avertizeaz\u0103 consultantul.<\/p>\n<p>\u201eMiza acestui experiment fiscal, demn de o \u021bar\u0103 din lumea a treia, pare a fi mult mai mare. Nu este exclus ca, \u00een cazul \u00een care statul va avea nevoie de bani, s\u0103 dea o ordonan\u021b\u0103 prin care s\u0103 unifice contribu\u021biile la pensii din Pilonul I cu Pilonul II, \u00een a\u0219a fel \u00eenc\u00e2t s\u0103 aib\u0103 cu ce s\u0103 pl\u0103teasc\u0103 pensiile crescute iresponsabil \u0219i f\u0103r\u0103 surs\u0103 de finan\u021bare \u00een septembrie.<\/p>\n<p>Miza e uria\u0219\u0103 &#8211; cele 7 fonduri de pensii private obligatorii (Pilonul 2) au ajuns la finele anului trecut s\u0103 administreze sume totale \u00een valoare de 150,85 miliarde lei (30,3 miliarde euro), \u00een cre\u0219tere cu 19% fa\u021b\u0103 de 2023.<\/p>\n<p>Aproape 30% din ace\u0219ti bani reprezint\u0103 c\u00e2\u0219tigul ob\u021binut din investi\u021biile realizate de administratorii fondurilor de pensii private, respectiv 44,3 miliarde lei (8,9 miliarde euro), \u00een plus fa\u021b\u0103 de contribu\u021biile primite \u00een administrare. Cum gaura financiar\u0103 de la buget se ad\u00e2nce\u0219te pe zi ce trece, iar posibilit\u0103\u021bile de finan\u021bare sunt din ce \u00een ce mai limitate, nu este exclus ca statul s\u0103 \u00ee\u0219i doreasc\u0103 s\u0103 &#8216;administreze&#8217; Pilonul II&#8221;, a concluzionat economistul.<\/p>","protected":false},"excerpt":{"rendered":"<p>Analistul economic Adrian Negrescu a comentat punctual m\u0103sura pe care dore\u0219te s\u0103 o implementeze alian\u021ba&hellip;<\/p>\n","protected":false},"author":0,"featured_media":24909,"comment_status":"open","ping_status":"open","sticky":false,"template":"","format":"standard","meta":{"footnotes":""},"categories":[2],"tags":[],"class_list":["post-24908","post","type-post","status-publish","format-standard","has-post-thumbnail","hentry","category-actual"],"_links":{"self":[{"href":"https:\/\/247stiri.ro\/index.php\/wp-json\/wp\/v2\/posts\/24908","targetHints":{"allow":["GET"]}}],"collection":[{"href":"https:\/\/247stiri.ro\/index.php\/wp-json\/wp\/v2\/posts"}],"about":[{"href":"https:\/\/247stiri.ro\/index.php\/wp-json\/wp\/v2\/types\/post"}],"replies":[{"embeddable":true,"href":"https:\/\/247stiri.ro\/index.php\/wp-json\/wp\/v2\/comments?post=24908"}],"version-history":[{"count":0,"href":"https:\/\/247stiri.ro\/index.php\/wp-json\/wp\/v2\/posts\/24908\/revisions"}],"wp:featuredmedia":[{"embeddable":true,"href":"https:\/\/247stiri.ro\/index.php\/wp-json\/wp\/v2\/media\/24909"}],"wp:attachment":[{"href":"https:\/\/247stiri.ro\/index.php\/wp-json\/wp\/v2\/media?parent=24908"}],"wp:term":[{"taxonomy":"category","embeddable":true,"href":"https:\/\/247stiri.ro\/index.php\/wp-json\/wp\/v2\/categories?post=24908"},{"taxonomy":"post_tag","embeddable":true,"href":"https:\/\/247stiri.ro\/index.php\/wp-json\/wp\/v2\/tags?post=24908"}],"curies":[{"name":"wp","href":"https:\/\/api.w.org\/{rel}","templated":true}]}}