{"id":24910,"date":"2025-01-17T09:45:20","date_gmt":"2025-01-17T09:45:20","guid":{"rendered":"https:\/\/247stiri.ro\/index.php\/2025\/01\/17\/alte-10-trenuri-care-pleaca-din-bucuresti-anulate-de-cfr-calatori-comapnia-in-impas-major-ca-urmare-a-ordonantei-trenulet\/"},"modified":"2025-01-17T09:45:20","modified_gmt":"2025-01-17T09:45:20","slug":"alte-10-trenuri-care-pleaca-din-bucuresti-anulate-de-cfr-calatori-comapnia-in-impas-major-ca-urmare-a-ordonantei-trenulet","status":"publish","type":"post","link":"https:\/\/247stiri.ro\/index.php\/2025\/01\/17\/alte-10-trenuri-care-pleaca-din-bucuresti-anulate-de-cfr-calatori-comapnia-in-impas-major-ca-urmare-a-ordonantei-trenulet\/","title":{"rendered":"Alte 10 trenuri care pleac\u0103 din Bucure\u0219ti, ANULATE de CFR C\u0103l\u0103tori. Comapnia \u00een impas major, ca urmare a Ordonan\u021bei &#8222;trenule\u021b&#8221;"},"content":{"rendered":"<p>CFR C\u0103l\u0103tori continu\u0103 s\u0103 anuleze trenuri, inclusiv pe rute redeschise de cur\u00e2nd, scrie Club Feroviar.<\/p>\n<p>Astfel, potrivit sursei citate, pe raza SRTFC Bucure\u0219ti vor fi anulate 10 trenuri, dintre care \u0219ase (trei perechi) circul\u0103 pe ruta Bucure\u0219ti-Giurgiu, redeschis\u0103 pe 1 iunie 2024, dup\u0103 19 ani de \u00eentrerupere.\u00a0<\/p>\n<p>Pe Bucure\u0219ti Progresu \u2013 Giurgiu vor r\u0103m\u00e2ne patru trenuri pe zi pe sens, fa\u021b\u0103 de \u0219apte.<\/p>\n<p>Dup\u0103 anul\u0103rile dispuse de CFR C\u0103l\u0103tori, de la ora 8,23 la ora 13,45 (cinci ore \u0219i 22 de minute) nu va mai pleca niciun tren din gara Giurgiu Ora\u0219 spre Bucure\u0219ti Progresu. Alte \u0219ase ore de pauz\u0103 vor fi \u0219i \u00een cursul dup\u0103 amiezii (13,45-19,38).<\/p>\n<p>\u00cen sens invers, apare o \u201egaur\u0103\u201d \u0219i mai mare, de \u0219ase ore \u0219i 31 de minute (8,22-15,53) la plec\u0103rile din Bucure\u0219ti Progresu c\u0103tre Giurgiu Ora\u0219, urmat\u0103 de una de cinci ore \u0219i 59 de minute (11,28-17,27).<\/p>\n<p>Dar asta nu e tot. La SRTFC Bucure\u0219ti se mai anuleaz\u0103 (total sau par\u021bial) \u0219i alte trenuri, pe rutele Bucure\u0219ti-Urziceni \u0219i retur \u0219i Bucure\u0219ti-T\u00e2rgovi\u0219te \u0219i retur, mai scrie sursa citat\u0103.<\/p>\n<p>\u0218i \u00een centrul \u021b\u0103rii vor fi trenuri anulate, afectat\u0103 urm\u00e2nd s\u0103 fie inclusiv o linie pe care circula\u021bia feroviar\u0103 a fost \u00eenchis\u0103 mai bine de o jum\u0103tate de an din cauza lucr\u0103rilor de repara\u021bii la linie. Vorbim despre linia ferat\u0103 dintre Ocna Sibiului \u0219i Loamne\u0219, pe care &#8211; \u00een momentul de fa\u021b\u0103 &#8211; circul\u0103 zilnic \u0219apte perechi de trenuri ale CFR C\u0103l\u0103tori. Dintre acestea, trei vor fi anulate (pe rela\u021biile Sibiu-Media\u0219, Sibiu-Cop\u0219a Mic\u0103 \u0219i Sibiu-Sighi\u0219oara). R\u0103m\u00e2n deci doar patru perechi \u00een circula\u021bie zilnic, plus trenurile Interregional C\u0103l\u0103tori.<\/p>\n<p>Anul\u0103rile de curse feroviare vor afecta serios \u0219i locuitorii din Odorheiul Secuiesc. \u00cen momentul de fa\u021b\u0103, prin gara din Odorhei trec doar patru perechi de trenuri pe zi, dintre care trei fac leg\u0103tura cu Sighi\u0219oara, iar al patrulea se opre\u0219te la Cristur. \u00cen urma m\u0103surilor de anulare, vor r\u0103m\u00e2ne doar dou\u0103 perechi de trenuri pe zi.<\/p>\n<p>\u00cen total, la nivelul SRTFC Bra\u0219ov, vor fi anulate 37 de trenuri.\u00a0<\/p>\n<p>Lovitura nu este doar pentru c\u0103l\u0103tori, ci \u0219i pentru companie, deficitul de personal pun\u00e2nd sub presiune CFR C\u0103l\u0103tori, \u0219i a\u0219a aflat\u0103 cu un picior \u00een groap\u0103 dup\u0103 ordonan\u021ba austerit\u0103\u021bii de anul trecut, care a t\u0103iat posturile vacante ale mecanicilor de locomotiv\u0103. \u00cenceputul de an a venit, de altfel, cu o noua lovitur\u0103. Este vorba despre ordonan\u021b\u0103 &#8222;trenule\u021b&#8221;, care a interzis plata orelor suplimentare pentru ace\u0219tia.<\/p>\n<p>\u201dCum, \u00eens\u0103, este deficit de personal, nu ai cum s\u0103 dai zile libere. Iar acum s-a trezit conducerea CFR C\u0103l\u0103tori c\u0103 anuleaz\u0103 trenuri pentru c\u0103 nu mai are mecanici, \u0219i nu mai are pentru c\u0103 nu le mai pl\u0103te\u0219te orele suplimentare. Vorbim despre sute de trenuri anulate\u201d, a declarat pre\u0219edintele Federa\u021biei Sindicatelor Transportatorilor Feroviari din Rom\u00e2nia Rodrigo Maxim.<\/p>","protected":false},"excerpt":{"rendered":"<p>CFR C\u0103l\u0103tori continu\u0103 s\u0103 anuleze trenuri, inclusiv pe rute redeschise de cur\u00e2nd, scrie Club Feroviar.&hellip;<\/p>\n","protected":false},"author":0,"featured_media":24911,"comment_status":"open","ping_status":"open","sticky":false,"template":"","format":"standard","meta":{"footnotes":""},"categories":[2],"tags":[],"class_list":["post-24910","post","type-post","status-publish","format-standard","has-post-thumbnail","hentry","category-actual"],"_links":{"self":[{"href":"https:\/\/247stiri.ro\/index.php\/wp-json\/wp\/v2\/posts\/24910","targetHints":{"allow":["GET"]}}],"collection":[{"href":"https:\/\/247stiri.ro\/index.php\/wp-json\/wp\/v2\/posts"}],"about":[{"href":"https:\/\/247stiri.ro\/index.php\/wp-json\/wp\/v2\/types\/post"}],"replies":[{"embeddable":true,"href":"https:\/\/247stiri.ro\/index.php\/wp-json\/wp\/v2\/comments?post=24910"}],"version-history":[{"count":0,"href":"https:\/\/247stiri.ro\/index.php\/wp-json\/wp\/v2\/posts\/24910\/revisions"}],"wp:featuredmedia":[{"embeddable":true,"href":"https:\/\/247stiri.ro\/index.php\/wp-json\/wp\/v2\/media\/24911"}],"wp:attachment":[{"href":"https:\/\/247stiri.ro\/index.php\/wp-json\/wp\/v2\/media?parent=24910"}],"wp:term":[{"taxonomy":"category","embeddable":true,"href":"https:\/\/247stiri.ro\/index.php\/wp-json\/wp\/v2\/categories?post=24910"},{"taxonomy":"post_tag","embeddable":true,"href":"https:\/\/247stiri.ro\/index.php\/wp-json\/wp\/v2\/tags?post=24910"}],"curies":[{"name":"wp","href":"https:\/\/api.w.org\/{rel}","templated":true}]}}