{"id":24912,"date":"2025-01-17T09:45:21","date_gmt":"2025-01-17T09:45:21","guid":{"rendered":"https:\/\/247stiri.ro\/index.php\/2025\/01\/17\/procurorii-cer-10-ani-si-jumatate-de-inchisoare-pentru-vlad-pascu-se-asteapta-sentinta-in-cazul-tragediei-de-la-2-mai\/"},"modified":"2025-01-17T09:45:21","modified_gmt":"2025-01-17T09:45:21","slug":"procurorii-cer-10-ani-si-jumatate-de-inchisoare-pentru-vlad-pascu-se-asteapta-sentinta-in-cazul-tragediei-de-la-2-mai","status":"publish","type":"post","link":"https:\/\/247stiri.ro\/index.php\/2025\/01\/17\/procurorii-cer-10-ani-si-jumatate-de-inchisoare-pentru-vlad-pascu-se-asteapta-sentinta-in-cazul-tragediei-de-la-2-mai\/","title":{"rendered":"Procurorii cer 10 ani \u0219i jum\u0103tate de \u00eenchisoare pentru Vlad Pascu! Se a\u0219teapt\u0103 SENTIN\u021aA \u00een cazul tragediei de la 2 Mai!"},"content":{"rendered":"<p>Parchetul cere pedeapsa maxim\u0103 posibil\u0103 pentru Vlad Pascu. La termenul de vineri al procesului, procurorii au cerut o pedeaps\u0103 cu \u00eenchisoarea de 10 ani, 6 luni si 20 zile pentru Vlad Pascu, potrivit avocatului Adrian Cuculis, care reprezint\u0103 familiile victimelor.<\/p>\n<p>Vlad Pascu, inculpatul \u00een acest dosar, a fost adus la \u0219edin\u021ba de judecat\u0103 direct de la Penitenciarul Poarta Alb\u0103. Acesta a fost prezent fizic \u00een sala de judecat\u0103. La proces au fost \u0219i p\u0103rin\u021bii victimelor, care sper\u0103 ca justi\u021bia s\u0103 fac\u0103 dreptate pentru pierderile ireparabile suferite.<\/p>\n<p>Incidentul s-a petrecut \u00een diminea\u021ba zilei de 2 mai 2023, atunci c\u00e2nd Vlad Pascu, aflat la volanul unui autoturism, drogat, a pierdut controlul ma\u0219inii \u0219i a lovit mortal doi tineri afla\u021bi pe marginea drumului: Roberta \u0219i Sebastian.<\/p>\n<p>La ultimul termen din proces, care a avut loc \u00een decembrie, i s-a schimbat \u00eencadrarea juridic\u0103 a uneia dintre fapte, din v\u0103t\u0103mare corporal\u0103 din culp\u0103 \u00een v\u0103t\u0103mare corporal\u0103 cu circumstan\u021be agravante.<\/p>\n<p>La \u0219edin\u021ba de judecat\u0103 de ast\u0103zi, avoca\u021bii ambelor p\u0103r\u021bi \u00ee\u0219i vor sus\u021bine pledoariile finale \u00een fa\u021ba judec\u0103torilor, urm\u00e2nd ca magistra\u021bii s\u0103 pronun\u021be sentin\u021ba sau s\u0103 am\u00e2ne pronun\u021barea.<\/p>\n<p><a href=\"https:\/\/www.realitatea.net\/stiri\/actual\/judecatoria-mangalia-a-decis-schimbarea-incadraririi-juridice-in-dosarul-lui-vlad-pascu-in-vatamare-corporala-agravata_67699871039fbc325d1a0272\" target=\"_blank\">Judec\u0103toria Mangalia a decis schimbarea \u00eencadr\u0103ririi juridice \u00een dosarul lui Vlad Pascu \u00een v\u0103t\u0103mare corporal\u0103 agravat\u0103<\/a><\/p>","protected":false},"excerpt":{"rendered":"<p>Parchetul cere pedeapsa maxim\u0103 posibil\u0103 pentru Vlad Pascu. La termenul de vineri al procesului, procurorii&hellip;<\/p>\n","protected":false},"author":0,"featured_media":24913,"comment_status":"open","ping_status":"open","sticky":false,"template":"","format":"standard","meta":{"footnotes":""},"categories":[2],"tags":[],"class_list":["post-24912","post","type-post","status-publish","format-standard","has-post-thumbnail","hentry","category-actual"],"_links":{"self":[{"href":"https:\/\/247stiri.ro\/index.php\/wp-json\/wp\/v2\/posts\/24912","targetHints":{"allow":["GET"]}}],"collection":[{"href":"https:\/\/247stiri.ro\/index.php\/wp-json\/wp\/v2\/posts"}],"about":[{"href":"https:\/\/247stiri.ro\/index.php\/wp-json\/wp\/v2\/types\/post"}],"replies":[{"embeddable":true,"href":"https:\/\/247stiri.ro\/index.php\/wp-json\/wp\/v2\/comments?post=24912"}],"version-history":[{"count":0,"href":"https:\/\/247stiri.ro\/index.php\/wp-json\/wp\/v2\/posts\/24912\/revisions"}],"wp:featuredmedia":[{"embeddable":true,"href":"https:\/\/247stiri.ro\/index.php\/wp-json\/wp\/v2\/media\/24913"}],"wp:attachment":[{"href":"https:\/\/247stiri.ro\/index.php\/wp-json\/wp\/v2\/media?parent=24912"}],"wp:term":[{"taxonomy":"category","embeddable":true,"href":"https:\/\/247stiri.ro\/index.php\/wp-json\/wp\/v2\/categories?post=24912"},{"taxonomy":"post_tag","embeddable":true,"href":"https:\/\/247stiri.ro\/index.php\/wp-json\/wp\/v2\/tags?post=24912"}],"curies":[{"name":"wp","href":"https:\/\/api.w.org\/{rel}","templated":true}]}}