{"id":24915,"date":"2025-01-17T09:45:21","date_gmt":"2025-01-17T09:45:21","guid":{"rendered":"https:\/\/247stiri.ro\/index.php\/2025\/01\/17\/trei-avocati-ai-lui-aleksei-navalnii-condamnati-la-inchisoare-in-rusia-pentru-extremism\/"},"modified":"2025-01-17T09:45:21","modified_gmt":"2025-01-17T09:45:21","slug":"trei-avocati-ai-lui-aleksei-navalnii-condamnati-la-inchisoare-in-rusia-pentru-extremism","status":"publish","type":"post","link":"https:\/\/247stiri.ro\/index.php\/2025\/01\/17\/trei-avocati-ai-lui-aleksei-navalnii-condamnati-la-inchisoare-in-rusia-pentru-extremism\/","title":{"rendered":"Trei avoca\u021bi ai lui Aleksei Navaln\u00eei, condamna\u021bi la \u00eenchisoare \u00een Rusia pentru \u201eextremism\u201d"},"content":{"rendered":"<p>Rusia este angajat\u0103 \u00eentr-o campanie de represiune a criticilor lui Vladimir Putin &#8211; mai ales a celor care i-au fost apropia\u0163i lui Navaln\u00eei \u015fi celor care denun\u0163\u0103 invazia rus\u0103 a Ucrainei, \u00een urm\u0103 cu aproape trei ani.<\/p>\n<p>Igor Sergunin, Aleksei Liptser \u0219i Vadim Kobzev sunt acuza\u021bi c\u0103 au participat la o organiza\u021bie \u201eextremist\u0103\u201d, o acuza\u021bie care implic\u0103 o pedeaps\u0103 maxim\u0103 de \u0219ase ani de \u00eenchisoare. Procurorii cer pedepse cu \u00eenchisoarea de cel pu\u021bin cinci ani pentru fiecare dintre avoca\u021bi.\u00a0Cei trei avoca\u021bi ai lui Navaln\u00eei nu vor fi achita\u021bi, \u00eentruc\u00e2t achit\u0103rile sunt inexistente \u00een instan\u021bele ruse\u0219ti, mai ales \u00een procesele cu conota\u021bii politice.\u00a0Funda\u021bia Anticorup\u021bie a lui Navaln\u00eei (FBK) \u0219i celelalte grupuri ale lui Navaln\u00eei au fost etichetate ca extremiste \u0219i interzise \u00een Rusia \u00een 2021.\u00a0Anchetatorii au spus c\u0103 avoca\u021bii \u0219i-au folosit \u201estatutul\u201d pentru a transmite mesaje \u00eentre Navaln\u00eei \u0219i asocia\u021bii s\u0103i, ajut\u00e2ndu-l s\u0103 \u201edesf\u0103\u0219oare activit\u0103\u021bi extremiste din spatele gratiilor\u201d.<\/p>","protected":false},"excerpt":{"rendered":"<p>Rusia este angajat\u0103 \u00eentr-o campanie de represiune a criticilor lui Vladimir Putin &#8211; mai ales&hellip;<\/p>\n","protected":false},"author":0,"featured_media":24905,"comment_status":"open","ping_status":"open","sticky":false,"template":"","format":"standard","meta":{"footnotes":""},"categories":[2],"tags":[],"class_list":["post-24915","post","type-post","status-publish","format-standard","has-post-thumbnail","hentry","category-actual"],"_links":{"self":[{"href":"https:\/\/247stiri.ro\/index.php\/wp-json\/wp\/v2\/posts\/24915","targetHints":{"allow":["GET"]}}],"collection":[{"href":"https:\/\/247stiri.ro\/index.php\/wp-json\/wp\/v2\/posts"}],"about":[{"href":"https:\/\/247stiri.ro\/index.php\/wp-json\/wp\/v2\/types\/post"}],"replies":[{"embeddable":true,"href":"https:\/\/247stiri.ro\/index.php\/wp-json\/wp\/v2\/comments?post=24915"}],"version-history":[{"count":0,"href":"https:\/\/247stiri.ro\/index.php\/wp-json\/wp\/v2\/posts\/24915\/revisions"}],"wp:featuredmedia":[{"embeddable":true,"href":"https:\/\/247stiri.ro\/index.php\/wp-json\/wp\/v2\/media\/24905"}],"wp:attachment":[{"href":"https:\/\/247stiri.ro\/index.php\/wp-json\/wp\/v2\/media?parent=24915"}],"wp:term":[{"taxonomy":"category","embeddable":true,"href":"https:\/\/247stiri.ro\/index.php\/wp-json\/wp\/v2\/categories?post=24915"},{"taxonomy":"post_tag","embeddable":true,"href":"https:\/\/247stiri.ro\/index.php\/wp-json\/wp\/v2\/tags?post=24915"}],"curies":[{"name":"wp","href":"https:\/\/api.w.org\/{rel}","templated":true}]}}