{"id":24916,"date":"2025-01-17T09:45:22","date_gmt":"2025-01-17T09:45:22","guid":{"rendered":"https:\/\/247stiri.ro\/index.php\/2025\/01\/17\/nicusor-dan-a-luat-o-decizie-ferma-cu-privire-la-candidatura-sa-la-prezidentiale-vor-exista-decizii-rationale-merg-mai-departe\/"},"modified":"2025-01-17T09:45:22","modified_gmt":"2025-01-17T09:45:22","slug":"nicusor-dan-a-luat-o-decizie-ferma-cu-privire-la-candidatura-sa-la-prezidentiale-vor-exista-decizii-rationale-merg-mai-departe","status":"publish","type":"post","link":"https:\/\/247stiri.ro\/index.php\/2025\/01\/17\/nicusor-dan-a-luat-o-decizie-ferma-cu-privire-la-candidatura-sa-la-prezidentiale-vor-exista-decizii-rationale-merg-mai-departe\/","title":{"rendered":"Nicu\u0219or Dan a luat o decizie ferm\u0103 cu privire la candidatura sa la preziden\u021biale: \u201eVor exista decizii ra\u021bionale. Merg mai departe\u201d"},"content":{"rendered":"<p>\u201eCandidatura mea merge mai departe, indiferent de aceste discu\u021bii. Mi-a\u0219 dori sus\u021binerea partidelor pro-occidentale, dar decizia r\u0103m\u00e2ne ferm\u0103,\u201d a subliniat Nicu\u0219or Dan, \u00eentr-o interven\u021bie telefonic\u0103 la TVR Info.<\/p>\n<p>\u201dBun, eu cred c\u0103 ar fi fost bine c\u0103 alegerile s\u0103 fie mai devreme. \u0218i cred c\u0103 datele acelea din 23 martie \u0219i 6 aprilie ar fi fost mai bune. Cred c\u0103 noi trebuie s\u0103 l\u0103murim, \u0219i este extrem de important, s\u0103 l\u0103murim ce s-a \u00eent\u00e2mplat pe 24 noiembrie. Dac\u0103 pentru l\u0103murirea acestor lucruri e nevoie de mai mult timp, e bine. Numai c\u0103 esen\u021bial este s\u0103 avem aceast\u0103 l\u0103murire \u00een momentul \u00een care campania electoral\u0103 va \u00eencepe, a ad\u0103ugat primarul Capitalei.<\/p>\n<p>Nicu\u0219or Dan a subliniat c\u0103 lipsa de direc\u021bie, corup\u021bia \u0219i tensiunile sociale \u00eengreuneaz\u0103 administra\u021bia \u021b\u0103rii \u0219i o fac nefunc\u021bional\u0103.<\/p>\n<p>\u00centrebat dac\u0103 ar putea colabora cu actualul premier Marcel Ciolacu \u00een cazul \u00een care va ajunge pre\u0219edinte, Nicu\u0219or Dan a afirmat c\u0103 \u201enu este o problem\u0103 de persoane, ci de direc\u021bie \u0219i program\u201d.<\/p>\n<p>El a ad\u0103ugat c\u0103 rolul pre\u0219edintelui este s\u0103 vin\u0103 cu o viziune strategic\u0103, iar implementarea r\u0103m\u00e2ne responsabilitatea guvernului.<\/p>\n<p>Primarul a recunoscut c\u0103 exist\u0103 riscul ca prezen\u021ba mai multor candida\u021bi pro-europeni s\u0103 fragmenteze voturile, favoriz\u00e2nd suverani\u0219tii \u00een turul al doilea. Cu toate acestea, el \u0219i-a exprimat \u00eencrederea c\u0103 \u201ep\u00e2n\u0103 la campania propriu-zis\u0103 se vor lua decizii ra\u021bionale\u201d pentru a evita acest scenariu.<\/p>\n<p>\u201eC\u00e2nd am decis s\u0103 candidez, am f\u0103cut-o pe baza unui sondaj \u0219i a\u0219a cum arat\u0103 sondajul candidatura mea nu \u00eencurc\u0103 pe nimeni,\u201d a concluzionat Nicu\u0219or Dan, reafirm\u00e2ndu-\u0219i \u00eencrederea \u00een \u0219ansele sale.<\/p>\n<p>\u00a0<\/p>","protected":false},"excerpt":{"rendered":"<p>\u201eCandidatura mea merge mai departe, indiferent de aceste discu\u021bii. Mi-a\u0219 dori sus\u021binerea partidelor pro-occidentale, dar&hellip;<\/p>\n","protected":false},"author":0,"featured_media":24917,"comment_status":"open","ping_status":"open","sticky":false,"template":"","format":"standard","meta":{"footnotes":""},"categories":[2],"tags":[],"class_list":["post-24916","post","type-post","status-publish","format-standard","has-post-thumbnail","hentry","category-actual"],"_links":{"self":[{"href":"https:\/\/247stiri.ro\/index.php\/wp-json\/wp\/v2\/posts\/24916","targetHints":{"allow":["GET"]}}],"collection":[{"href":"https:\/\/247stiri.ro\/index.php\/wp-json\/wp\/v2\/posts"}],"about":[{"href":"https:\/\/247stiri.ro\/index.php\/wp-json\/wp\/v2\/types\/post"}],"replies":[{"embeddable":true,"href":"https:\/\/247stiri.ro\/index.php\/wp-json\/wp\/v2\/comments?post=24916"}],"version-history":[{"count":0,"href":"https:\/\/247stiri.ro\/index.php\/wp-json\/wp\/v2\/posts\/24916\/revisions"}],"wp:featuredmedia":[{"embeddable":true,"href":"https:\/\/247stiri.ro\/index.php\/wp-json\/wp\/v2\/media\/24917"}],"wp:attachment":[{"href":"https:\/\/247stiri.ro\/index.php\/wp-json\/wp\/v2\/media?parent=24916"}],"wp:term":[{"taxonomy":"category","embeddable":true,"href":"https:\/\/247stiri.ro\/index.php\/wp-json\/wp\/v2\/categories?post=24916"},{"taxonomy":"post_tag","embeddable":true,"href":"https:\/\/247stiri.ro\/index.php\/wp-json\/wp\/v2\/tags?post=24916"}],"curies":[{"name":"wp","href":"https:\/\/api.w.org\/{rel}","templated":true}]}}