{"id":24920,"date":"2025-01-17T09:45:23","date_gmt":"2025-01-17T09:45:23","guid":{"rendered":"https:\/\/247stiri.ro\/index.php\/2025\/01\/17\/darren-cahill-fostul-antrenor-al-simonei-halep-se-va-retrage-la-finalul-acestui-sezon\/"},"modified":"2025-01-17T09:45:23","modified_gmt":"2025-01-17T09:45:23","slug":"darren-cahill-fostul-antrenor-al-simonei-halep-se-va-retrage-la-finalul-acestui-sezon","status":"publish","type":"post","link":"https:\/\/247stiri.ro\/index.php\/2025\/01\/17\/darren-cahill-fostul-antrenor-al-simonei-halep-se-va-retrage-la-finalul-acestui-sezon\/","title":{"rendered":"Darren Cahill, fostul antrenor al Simonei Halep se va retrage la finalul acestui sezon"},"content":{"rendered":"<p>Cahill, \u00een v\u00e2rst\u0103 de 59 de ani, se va retrage dup\u0103 acest an, a precizat Sinner. Cahill s-a al\u0103turat echipei de antrenori a lui Sinner \u00een 2022, iar juc\u0103torul italian a c\u00e2\u015ftigat de atunci dou\u0103 turnee de Grand Slam, inclusiv Australian Open 2024, \u015fi a urcat pe locul 1 \u00een clasamentul ATP.<\/p>\n<p>&#8222;Mi-a oferit at\u00e2t de multe lucruri&#8221;, a spus Sinner. \u201eNu vreau s\u0103 vorbesc at\u00e2t de mult despre retragerea lui. M\u0103 simt foarte, foarte norocos \u015fi fericit s\u0103 fiu ultimul s\u0103u juc\u0103tor \u00een circuit. A fost un antrenor \u015fi o persoan\u0103 uimitoare, uimitoare, nu numai pentru mine, ci \u015fi pentru to\u0163i ceilal\u0163i juc\u0103tori cu care a lucrat.\u201d<\/p>\n<p>\u00cen deceniile sale \u00een circuit, Cahill a fost antrenorul fo\u015ftilor juc\u0103tori nr. 1 mondial Lleyton Hewitt, Andre Agassi \u015fi Simona Halep, printre al\u0163ii.<\/p>\n<p>\u201ePentru mine este doar o onoare uria\u015f\u0103. S\u0103 sper\u0103m c\u0103 putem face un sezon frumos&#8221;, a mai declarat Sinner, care a avansat la Melbourne cu o victorie \u00een patru seturi \u00een fa\u0163a juc\u0103torului australian Tristan Schoolkate \u015fi \u00eel va \u00eenfrunta pe Marcos Giron din Statele Unite \u00een turul al treilea. &#8222;Dar s\u0103 vedem ce ne rezerv\u0103 viitorul&#8221;.<\/p>","protected":false},"excerpt":{"rendered":"<p>Cahill, \u00een v\u00e2rst\u0103 de 59 de ani, se va retrage dup\u0103 acest an, a precizat&hellip;<\/p>\n","protected":false},"author":0,"featured_media":24903,"comment_status":"open","ping_status":"open","sticky":false,"template":"","format":"standard","meta":{"footnotes":""},"categories":[2],"tags":[],"class_list":["post-24920","post","type-post","status-publish","format-standard","has-post-thumbnail","hentry","category-actual"],"_links":{"self":[{"href":"https:\/\/247stiri.ro\/index.php\/wp-json\/wp\/v2\/posts\/24920","targetHints":{"allow":["GET"]}}],"collection":[{"href":"https:\/\/247stiri.ro\/index.php\/wp-json\/wp\/v2\/posts"}],"about":[{"href":"https:\/\/247stiri.ro\/index.php\/wp-json\/wp\/v2\/types\/post"}],"replies":[{"embeddable":true,"href":"https:\/\/247stiri.ro\/index.php\/wp-json\/wp\/v2\/comments?post=24920"}],"version-history":[{"count":0,"href":"https:\/\/247stiri.ro\/index.php\/wp-json\/wp\/v2\/posts\/24920\/revisions"}],"wp:featuredmedia":[{"embeddable":true,"href":"https:\/\/247stiri.ro\/index.php\/wp-json\/wp\/v2\/media\/24903"}],"wp:attachment":[{"href":"https:\/\/247stiri.ro\/index.php\/wp-json\/wp\/v2\/media?parent=24920"}],"wp:term":[{"taxonomy":"category","embeddable":true,"href":"https:\/\/247stiri.ro\/index.php\/wp-json\/wp\/v2\/categories?post=24920"},{"taxonomy":"post_tag","embeddable":true,"href":"https:\/\/247stiri.ro\/index.php\/wp-json\/wp\/v2\/tags?post=24920"}],"curies":[{"name":"wp","href":"https:\/\/api.w.org\/{rel}","templated":true}]}}