{"id":24929,"date":"2025-01-17T10:46:00","date_gmt":"2025-01-17T10:46:00","guid":{"rendered":"https:\/\/247stiri.ro\/index.php\/2025\/01\/17\/calin-georgescu-spulbera-udmr-dupa-ce-a-fost-acuzat-ca-ar-fi-facut-parte-din-reteaua-caraman-este-o-asociatie-de-bloc-balamaua-de-serviciu\/"},"modified":"2025-01-17T10:46:00","modified_gmt":"2025-01-17T10:46:00","slug":"calin-georgescu-spulbera-udmr-dupa-ce-a-fost-acuzat-ca-ar-fi-facut-parte-din-reteaua-caraman-este-o-asociatie-de-bloc-balamaua-de-serviciu","status":"publish","type":"post","link":"https:\/\/247stiri.ro\/index.php\/2025\/01\/17\/calin-georgescu-spulbera-udmr-dupa-ce-a-fost-acuzat-ca-ar-fi-facut-parte-din-reteaua-caraman-este-o-asociatie-de-bloc-balamaua-de-serviciu\/","title":{"rendered":"C\u0103lin Georgescu spulber\u0103 UDMR dup\u0103 ce a fost acuzat c\u0103 ar fi f\u0103cut parte din re\u021beaua Caraman: Este o asocia\u021bie de bloc, balamaua de serviciu"},"content":{"rendered":"<p>Anca Alexandrescu: A\u021bi face parte din re\u021beaua Caraman, folosind din CV-ul dumneavoastr\u0103 studiile pe care le-a\u021bi f\u0103cut \u00eenainte de 1989 \u00een America \u0219i Anglia. Cum le r\u0103spunde\u021bi acestor acuza\u021bii?Calin Georgescu: Eu cred c\u0103 daca aceasta asocia\u021bie de bloc, c\u0103 nu e partid, ar fi pu\u021bin evaluata, si probabil va fi foarte cur\u00e2nd, se vor vedea multe lucruriA.A.: Va referiti la UDMR?C.G.: Ma refer la aceasta asocia\u021bie de bloc numita UDMR. Nimeni nu s-a atins de ei in 35 de ani. Nimeni nu i-a \u00eentrebat. Au fost balamaua de serviciu. Iar aceasta balama de serviciu. Deci dac\u0103 ast\u0103zi ministrul de Finan\u021be are dubla cet\u0103\u021benie, m\u0103 \u00eentreb eu c\u00e2t de departe poate ajunge nimicnicia sistemului actual. Deci nu am ce s\u0103 r\u0103spund, cred c\u0103 ei ar trebui s\u0103 r\u0103spund\u0103 mai cur\u00e2nd, nu eu. Eu nu am ce s\u0103 r\u0103spund. Eu in fa\u021ba lui Dumnezeu stau drept si \u00eemi va fi o mare cinste s\u0103 \u00eemi \u00eent\u00e2lnesc str\u0103mo\u0219ii c\u00e2nd va fi s\u0103 fie. Ei nu pot face asta.<\/p>","protected":false},"excerpt":{"rendered":"<p>Anca Alexandrescu: A\u021bi face parte din re\u021beaua Caraman, folosind din CV-ul dumneavoastr\u0103 studiile pe care&hellip;<\/p>\n","protected":false},"author":0,"featured_media":24930,"comment_status":"open","ping_status":"open","sticky":false,"template":"","format":"standard","meta":{"footnotes":""},"categories":[3],"tags":[],"class_list":["post-24929","post","type-post","status-publish","format-standard","has-post-thumbnail","hentry","category-politica"],"_links":{"self":[{"href":"https:\/\/247stiri.ro\/index.php\/wp-json\/wp\/v2\/posts\/24929","targetHints":{"allow":["GET"]}}],"collection":[{"href":"https:\/\/247stiri.ro\/index.php\/wp-json\/wp\/v2\/posts"}],"about":[{"href":"https:\/\/247stiri.ro\/index.php\/wp-json\/wp\/v2\/types\/post"}],"replies":[{"embeddable":true,"href":"https:\/\/247stiri.ro\/index.php\/wp-json\/wp\/v2\/comments?post=24929"}],"version-history":[{"count":0,"href":"https:\/\/247stiri.ro\/index.php\/wp-json\/wp\/v2\/posts\/24929\/revisions"}],"wp:featuredmedia":[{"embeddable":true,"href":"https:\/\/247stiri.ro\/index.php\/wp-json\/wp\/v2\/media\/24930"}],"wp:attachment":[{"href":"https:\/\/247stiri.ro\/index.php\/wp-json\/wp\/v2\/media?parent=24929"}],"wp:term":[{"taxonomy":"category","embeddable":true,"href":"https:\/\/247stiri.ro\/index.php\/wp-json\/wp\/v2\/categories?post=24929"},{"taxonomy":"post_tag","embeddable":true,"href":"https:\/\/247stiri.ro\/index.php\/wp-json\/wp\/v2\/tags?post=24929"}],"curies":[{"name":"wp","href":"https:\/\/api.w.org\/{rel}","templated":true}]}}