{"id":24936,"date":"2025-01-17T10:46:02","date_gmt":"2025-01-17T10:46:02","guid":{"rendered":"https:\/\/247stiri.ro\/index.php\/2025\/01\/17\/sacul-negru-care-i-a-ingrozit-vineri-dimineata-pe-participantii-la-trafic-din-judetul-maramures-in-interior-se-afla-un-cadavru-ce-s-a-intamplat-de-fapt\/"},"modified":"2025-01-17T10:46:02","modified_gmt":"2025-01-17T10:46:02","slug":"sacul-negru-care-i-a-ingrozit-vineri-dimineata-pe-participantii-la-trafic-din-judetul-maramures-in-interior-se-afla-un-cadavru-ce-s-a-intamplat-de-fapt","status":"publish","type":"post","link":"https:\/\/247stiri.ro\/index.php\/2025\/01\/17\/sacul-negru-care-i-a-ingrozit-vineri-dimineata-pe-participantii-la-trafic-din-judetul-maramures-in-interior-se-afla-un-cadavru-ce-s-a-intamplat-de-fapt\/","title":{"rendered":"Sacul negru care i-a \u00eengrozit vineri diminea\u021b\u0103 pe participan\u021bii la trafic din jude\u021bul Maramure\u0219!  \u00cen interior se afla un CADAVRU: ce s-a \u00eent\u00e2mplat, de fapt"},"content":{"rendered":"<p>\u201e\u00cen aceast\u0103 diminea\u0163\u0103, \u00een jurul orei 09.00, Poli\u0163ia ora\u015fului Baia Sprie a fost sesizat\u0103 prin apel unic de urgen\u0163\u0103 112 despre faptul c\u0103 pe DN 18, \u00een comuna T\u0103u\u0163ii de Sus, pe drumul public se afl\u0103 un sac negru.<\/p>\n\n<p>Poli\u0163i\u015ftii au identificat un b\u0103rbat \u00een v\u00e2rst\u0103 de 41 de ani, angajat al unei societ\u0103\u0163i comerciale av\u00e2nd obiect de activitate pompe funebre. \u00cen timp ce acesta conducea un vehicul, pe fondul unor defec\u0163iuni la sistemul de \u00eenchidere al compartimentului de transport, un sac de transport cadavre ar fi c\u0103zut pe partea carosabil\u0103\u201d, a declarat pentru Agerpres purt\u0103torul de cuv\u00e2nt al IPJ Maramure\u015f, Florian Mete\u015f.<\/p>\n<p>\u00cen cauz\u0103 poli\u0163i\u015ftii au \u00eentocmit dosar penal sub aspectul comiterii infrac\u0163iunii de profanare de cadavre sau morminte \u015fi sub coordonarea procurorului se efectueaz\u0103 cercet\u0103ri.<\/p>","protected":false},"excerpt":{"rendered":"<p>\u201e\u00cen aceast\u0103 diminea\u0163\u0103, \u00een jurul orei 09.00, Poli\u0163ia ora\u015fului Baia Sprie a fost sesizat\u0103 prin&hellip;<\/p>\n","protected":false},"author":0,"featured_media":24937,"comment_status":"open","ping_status":"open","sticky":false,"template":"","format":"standard","meta":{"footnotes":""},"categories":[2],"tags":[],"class_list":["post-24936","post","type-post","status-publish","format-standard","has-post-thumbnail","hentry","category-actual"],"_links":{"self":[{"href":"https:\/\/247stiri.ro\/index.php\/wp-json\/wp\/v2\/posts\/24936","targetHints":{"allow":["GET"]}}],"collection":[{"href":"https:\/\/247stiri.ro\/index.php\/wp-json\/wp\/v2\/posts"}],"about":[{"href":"https:\/\/247stiri.ro\/index.php\/wp-json\/wp\/v2\/types\/post"}],"replies":[{"embeddable":true,"href":"https:\/\/247stiri.ro\/index.php\/wp-json\/wp\/v2\/comments?post=24936"}],"version-history":[{"count":0,"href":"https:\/\/247stiri.ro\/index.php\/wp-json\/wp\/v2\/posts\/24936\/revisions"}],"wp:featuredmedia":[{"embeddable":true,"href":"https:\/\/247stiri.ro\/index.php\/wp-json\/wp\/v2\/media\/24937"}],"wp:attachment":[{"href":"https:\/\/247stiri.ro\/index.php\/wp-json\/wp\/v2\/media?parent=24936"}],"wp:term":[{"taxonomy":"category","embeddable":true,"href":"https:\/\/247stiri.ro\/index.php\/wp-json\/wp\/v2\/categories?post=24936"},{"taxonomy":"post_tag","embeddable":true,"href":"https:\/\/247stiri.ro\/index.php\/wp-json\/wp\/v2\/tags?post=24936"}],"curies":[{"name":"wp","href":"https:\/\/api.w.org\/{rel}","templated":true}]}}