{"id":24953,"date":"2025-01-17T11:46:13","date_gmt":"2025-01-17T11:46:13","guid":{"rendered":"https:\/\/247stiri.ro\/index.php\/2025\/01\/17\/imagini-cu-drona-probusita-in-judetul-tulcea-atacul-rusilor-a-vizat-portul-chilia-noua\/"},"modified":"2025-01-17T11:46:13","modified_gmt":"2025-01-17T11:46:13","slug":"imagini-cu-drona-probusita-in-judetul-tulcea-atacul-rusilor-a-vizat-portul-chilia-noua","status":"publish","type":"post","link":"https:\/\/247stiri.ro\/index.php\/2025\/01\/17\/imagini-cu-drona-probusita-in-judetul-tulcea-atacul-rusilor-a-vizat-portul-chilia-noua\/","title":{"rendered":"Imagini cu drona probu\u0219it\u0103 \u00een jude\u021bul Tulcea! Atacul ru\u0219ilor a vizat portul Chilia Nou\u0103"},"content":{"rendered":"<p>Primele imagini cu resturile dronei pr\u0103bu\u0219ite \u00een jude\u021bul Tulcea au fost publicate \u00een mediul online. Ele provin din atacul ru\u0219ilor care a vizat portul Chilia Nou\u0103, aflat pe teritoriul Ucrainei, \u00een imediata vecin\u0103tate a grani\u021bei cu Rom\u00e2nia.<\/p>\n<p>Autorit\u0103\u021bile rom\u00e2ne au declarat c\u0103 traiectoria dronei pr\u0103bu\u0219ite a fost monitorizat\u0103 atent \u00eenc\u0103 dinainte ca aceasta s\u0103 ajung\u0103 pe teritoriul Rom\u00e2niei. Direc\u021bia dronei a fost confirmat\u0103 \u00een jurul orei 1:55, ceea ce a permis o supraveghere continu\u0103 a acesteia.<\/p>\n<p>Premierul Marcel Ciolacu a vorbit, vineri, despre drona c\u0103zut\u0103 \u00een jude\u0163ul Tulcea \u00een noaptea de joi spre vineri. Acesta a spus c\u0103 nu a fost nicio problem\u0103 \u00een privin\u0163a siguran\u0163ei rom\u00e2nilor. El a precizat c\u0103 drona a fost monitorizat\u0103 cu mult timp \u00eenainte de a intra pe teritoriul Rom\u00e2niei \u015fi direc\u0163ia acesteia a fost cunoscut\u0103 \u00een jurul orei 2.00.<\/p>\n<p>\u201eNu a fost nicio problem\u0103 \u00een ceea ce prive\u015fte siguran\u0163a rom\u00e2nilor. Direc\u0163ia acestei drone a fost \u015ftiut\u0103 \u00een jurul orei 1.55. Au fost ridicate \u015fi avioanele F-16, nu a fost nici cea mai mic\u0103 problem\u0103. A fost monitorizat\u0103 cu mult timp \u00eenainte de a intra pe teritoriul Rom\u00e2niei \u015fi am v\u0103zut c\u0103 \u015fi Ministerul Ap\u0103r\u0103rii a dat un comunicat \u015fi a specificat acest lucru. Rom\u00e2nia nu a fost pus\u0103 \u00een pericol \u00een niciun moment. Cu adev\u0103rat, mai mult ca sigur dup\u0103 expertize, se va constata faptul c\u0103 ea fusese lovit\u0103 de artileria ucrainean\u0103\u201d, a declarat Marcel Ciolacu.<\/p>\n<p><a href=\"https:\/\/www.realitatea.net\/stiri\/actual\/romania-a-alertat-structurile-nato-dupa-atacurile-rusiei-la-granita-riscuri-majore-pentru-intreaga-regiune_678a0e42e5025472317813a2\" target=\"_blank\">Rom\u00e2nia a alertat structurile NATO dup\u0103 atacurile Rusiei la grani\u021b\u0103! Riscuri majore pentru \u00eentreaga regiune<\/a><\/p>","protected":false},"excerpt":{"rendered":"<p>Primele imagini cu resturile dronei pr\u0103bu\u0219ite \u00een jude\u021bul Tulcea au fost publicate \u00een mediul online.&hellip;<\/p>\n","protected":false},"author":0,"featured_media":24954,"comment_status":"open","ping_status":"open","sticky":false,"template":"","format":"standard","meta":{"footnotes":""},"categories":[2],"tags":[],"class_list":["post-24953","post","type-post","status-publish","format-standard","has-post-thumbnail","hentry","category-actual"],"_links":{"self":[{"href":"https:\/\/247stiri.ro\/index.php\/wp-json\/wp\/v2\/posts\/24953","targetHints":{"allow":["GET"]}}],"collection":[{"href":"https:\/\/247stiri.ro\/index.php\/wp-json\/wp\/v2\/posts"}],"about":[{"href":"https:\/\/247stiri.ro\/index.php\/wp-json\/wp\/v2\/types\/post"}],"replies":[{"embeddable":true,"href":"https:\/\/247stiri.ro\/index.php\/wp-json\/wp\/v2\/comments?post=24953"}],"version-history":[{"count":0,"href":"https:\/\/247stiri.ro\/index.php\/wp-json\/wp\/v2\/posts\/24953\/revisions"}],"wp:featuredmedia":[{"embeddable":true,"href":"https:\/\/247stiri.ro\/index.php\/wp-json\/wp\/v2\/media\/24954"}],"wp:attachment":[{"href":"https:\/\/247stiri.ro\/index.php\/wp-json\/wp\/v2\/media?parent=24953"}],"wp:term":[{"taxonomy":"category","embeddable":true,"href":"https:\/\/247stiri.ro\/index.php\/wp-json\/wp\/v2\/categories?post=24953"},{"taxonomy":"post_tag","embeddable":true,"href":"https:\/\/247stiri.ro\/index.php\/wp-json\/wp\/v2\/tags?post=24953"}],"curies":[{"name":"wp","href":"https:\/\/api.w.org\/{rel}","templated":true}]}}