{"id":24963,"date":"2025-01-17T12:45:20","date_gmt":"2025-01-17T12:45:20","guid":{"rendered":"https:\/\/247stiri.ro\/index.php\/2025\/01\/17\/halucinant-vlad-pascu-criminalul-de-la-2-mai-atacuri-la-adresa-presei-acuzatii-ridicole-este-de-neimaginat-ce-s-a-intamplat-in-mass-media\/"},"modified":"2025-01-17T12:45:20","modified_gmt":"2025-01-17T12:45:20","slug":"halucinant-vlad-pascu-criminalul-de-la-2-mai-atacuri-la-adresa-presei-acuzatii-ridicole-este-de-neimaginat-ce-s-a-intamplat-in-mass-media","status":"publish","type":"post","link":"https:\/\/247stiri.ro\/index.php\/2025\/01\/17\/halucinant-vlad-pascu-criminalul-de-la-2-mai-atacuri-la-adresa-presei-acuzatii-ridicole-este-de-neimaginat-ce-s-a-intamplat-in-mass-media\/","title":{"rendered":"Halucinant. Vlad Pascu, criminalul de la 2 Mai, atacuri la adresa presei: \u201eAcuza\u021bii ridicole. Este de neimaginat ce s-a \u00eent\u00e2mplat \u00een mass-media\u201d"},"content":{"rendered":"<p>&#8222;Sunt ridicole anumite acuza\u021bii care mi s-au adus ast\u0103zi. S\u0103 lua\u021bi o hot\u0103r\u00e2re. Vreau s\u0103 am parte de un proces echitabil, cum ar trebui.<\/p>\n<p>Este de neimaginat, impactul psihologic, ce s-a \u00eent\u00e2mplat \u00een mass-media a fost mult peste \u00een\u021belegerea mea \u0219i de aceea prefer s\u0103 nu m\u0103 mai uit la televizor. Vreau s\u0103 pun \u00een eviden\u021b\u0103 cu ap\u0103rarea pe care am avut-o&#8221;, a mai spus el, conform unui post de televiziune.<\/p>\n<p>Acesta a acuzat faptul c\u0103 au scris un memoriu pentru a contrazice ceea ce s-a scris \u00een mass-media \u0219i filmule\u021bele create pentru a-i \u201dzugr\u0103vi o imagine rea\u201d.<\/p>\n<p>&#8222;Nu pot s\u0103 dau timpul \u00eenapoi, nu pot s\u0103 nu mai fiu \u00een Vama Veche. A fost o chestie moral\u0103, c\u0103 familia mea are o situa\u021bie material\u0103 bun\u0103 \u0219i a \u00eencercat de a ajuta persoanele v\u0103t\u0103mate, pentru cele decedate nu se mai poate face nimic&#8221;, a declarat Pascu.<\/p>\n<p>Unul dintre cei cinci avoca\u021bii ai lui Vlad Pascu d\u0103 vina pe pres\u0103 pentru c\u0103 l-a f\u0103cut criminal \u0219i l-a lin\u0219at. Acesta a vorbit despre o pild\u0103 cu furnici pentru a \u00eencerca s\u0103 sublinieze rolul pe care consider\u0103 c\u0103 l-a avut mass-media \u00een a crea o mai mare furie asupra cazului.<\/p>\n<p>&#8222;\u0218tia\u021bi c\u0103 dac\u0103 pui 100 de furnici negre \u0219i 100 de furnici ro\u0219ii \u00eentr-un borcan, nu se va \u00eent\u00e2mpla nimic? Dar dac\u0103 scuturi borcanul tare, furnicile \u00eencep s\u0103 se omoare \u00eentre ele. Furnicile ro\u0219ii consider\u0103 furnicile negre du\u0219manii lor, iar furnicile negre consider\u0103 furnicile ro\u0219ii inamicii lor&#8221;, a declarat avocatul.<\/p>","protected":false},"excerpt":{"rendered":"<p>&#8222;Sunt ridicole anumite acuza\u021bii care mi s-au adus ast\u0103zi. S\u0103 lua\u021bi o hot\u0103r\u00e2re. Vreau s\u0103&hellip;<\/p>\n","protected":false},"author":0,"featured_media":24964,"comment_status":"open","ping_status":"open","sticky":false,"template":"","format":"standard","meta":{"footnotes":""},"categories":[2],"tags":[],"class_list":["post-24963","post","type-post","status-publish","format-standard","has-post-thumbnail","hentry","category-actual"],"_links":{"self":[{"href":"https:\/\/247stiri.ro\/index.php\/wp-json\/wp\/v2\/posts\/24963","targetHints":{"allow":["GET"]}}],"collection":[{"href":"https:\/\/247stiri.ro\/index.php\/wp-json\/wp\/v2\/posts"}],"about":[{"href":"https:\/\/247stiri.ro\/index.php\/wp-json\/wp\/v2\/types\/post"}],"replies":[{"embeddable":true,"href":"https:\/\/247stiri.ro\/index.php\/wp-json\/wp\/v2\/comments?post=24963"}],"version-history":[{"count":0,"href":"https:\/\/247stiri.ro\/index.php\/wp-json\/wp\/v2\/posts\/24963\/revisions"}],"wp:featuredmedia":[{"embeddable":true,"href":"https:\/\/247stiri.ro\/index.php\/wp-json\/wp\/v2\/media\/24964"}],"wp:attachment":[{"href":"https:\/\/247stiri.ro\/index.php\/wp-json\/wp\/v2\/media?parent=24963"}],"wp:term":[{"taxonomy":"category","embeddable":true,"href":"https:\/\/247stiri.ro\/index.php\/wp-json\/wp\/v2\/categories?post=24963"},{"taxonomy":"post_tag","embeddable":true,"href":"https:\/\/247stiri.ro\/index.php\/wp-json\/wp\/v2\/tags?post=24963"}],"curies":[{"name":"wp","href":"https:\/\/api.w.org\/{rel}","templated":true}]}}