{"id":24965,"date":"2025-01-17T12:45:21","date_gmt":"2025-01-17T12:45:21","guid":{"rendered":"https:\/\/247stiri.ro\/index.php\/2025\/01\/17\/tanar-din-cluj-batut-cu-pumnii-si-picioarele-de-3-padurari-tatal-sau-a-asistat-neputincios-la-cumplita-scena-ma-dureau-picioarele-coastele-capul\/"},"modified":"2025-01-17T12:45:21","modified_gmt":"2025-01-17T12:45:21","slug":"tanar-din-cluj-batut-cu-pumnii-si-picioarele-de-3-padurari-tatal-sau-a-asistat-neputincios-la-cumplita-scena-ma-dureau-picioarele-coastele-capul","status":"publish","type":"post","link":"https:\/\/247stiri.ro\/index.php\/2025\/01\/17\/tanar-din-cluj-batut-cu-pumnii-si-picioarele-de-3-padurari-tatal-sau-a-asistat-neputincios-la-cumplita-scena-ma-dureau-picioarele-coastele-capul\/","title":{"rendered":"T\u00e2n\u0103r din Cluj, b\u0103tut cu pumnii \u0219i picioarele de 3 p\u0103durari. Tat\u0103l s\u0103u a asistat neputincios la cumplita scen\u0103: M\u0103 dureau picioarele, coastele, capul"},"content":{"rendered":"<p>,,Am mers \u00eentr-o p\u0103dure de l\u00e2ng\u0103 A\u0219chileu Mare s\u0103 caut pe jos ni\u0219te lemne uscate, surcele, nu aveam nici m\u0103car o unealt\u0103 de t\u0103iat sau altceva la mine. Au venit trei p\u0103durari dup\u0103 mine, m-au prins, unul m\u0103 \u021binea \u0219i ceilal\u021bi doi m\u0103 b\u0103teau\u201d, a povestit t\u00e2n\u0103rul, potrivit \u0218tiri de Cluj.\u00a0<\/p>\n<p>Adolescentul sus\u021bine c\u0103 ar fi fost lovit cu pumnii, picioarele \u0219i chiar cu securea de c\u0103tre cei trei p\u0103durari. La cumplit scen\u0103 ar fi asistat neputincios tat\u0103l b\u0103iatului.\u00a0<\/p>\n<p>,,Mi-au dat cu securea, pumnii \u0219i picioarele. Eu sunt minor, am 60 de kilograme \u0219i trei matahale s-au pus pe mine. Au fugit dup\u0103 mine, au vrut s\u0103 m\u0103 calce cu Jeep-ul, mi s-a speriat calul. Unul m-a prins de cap, iar ceilal\u021bi doi \u00eemi d\u0103deau cu securea, cu pumnii \u0219i cu picioarele. Dup\u0103 ce m-au b\u0103tut au plecat\u201d, a spus b\u0103iatul.\u00a0<\/p>\n<p>Dup\u0103 ce ace\u0219tia au plecat, b\u0103rbatul \u0219i-a luat fiul r\u0103nit \u0219i l-a dus acas\u0103: ,,Tata era la 50 de metri de mine. Nu s-a putut b\u0103ga deoarece cei trei au \u00eentre aproximativ 40 de ani. Tata m-a luat \u0219i a reu\u0219it s\u0103 m\u0103 duc\u0103 acas\u0103. M\u0103 dureau picioarele, coastele, m\u00e2inile, capul. Am chemat un echipaj care m-a transportat direct la urgen\u021be. O s\u0103 fac \u0219i pl\u00e2ngere la poli\u021bie. \u00a0Lumea \u00eei cunoa\u0219te pe cei trei c\u0103 sunt foarte agresivi\u201d.\u00a0<\/p>\n<p>Conform certificatului medico-legal, t\u00e2n\u0103rul prezint\u0103 mai multe &#8222;leziuni traumatice care s-au putut produce prin lovire cu \u0219i de corp dur\u201d.\u00a0<\/p>\n<p>Familia adolescentului a depus, ast\u0103zi, o pl\u00e2ngere la poli\u021bie.\u00a0<\/p>\n<p>,,\u00cen momentul de fa\u021b\u0103 se efectueaz\u0103 cercet\u0103ri pentru s\u0103v\u00e2r\u0219irea infrac\u021biunii de lovire sau alte violen\u021be. Cazul se audieaz\u0103, c\u00e2nd se va termina acest proces vom reveni cu detalii&#8221;, a transmis IPJ Cluj pentru \u0218tiri de Cluj.\u00a0<\/p>","protected":false},"excerpt":{"rendered":"<p>,,Am mers \u00eentr-o p\u0103dure de l\u00e2ng\u0103 A\u0219chileu Mare s\u0103 caut pe jos ni\u0219te lemne uscate,&hellip;<\/p>\n","protected":false},"author":0,"featured_media":24966,"comment_status":"open","ping_status":"open","sticky":false,"template":"","format":"standard","meta":{"footnotes":""},"categories":[2],"tags":[],"class_list":["post-24965","post","type-post","status-publish","format-standard","has-post-thumbnail","hentry","category-actual"],"_links":{"self":[{"href":"https:\/\/247stiri.ro\/index.php\/wp-json\/wp\/v2\/posts\/24965","targetHints":{"allow":["GET"]}}],"collection":[{"href":"https:\/\/247stiri.ro\/index.php\/wp-json\/wp\/v2\/posts"}],"about":[{"href":"https:\/\/247stiri.ro\/index.php\/wp-json\/wp\/v2\/types\/post"}],"replies":[{"embeddable":true,"href":"https:\/\/247stiri.ro\/index.php\/wp-json\/wp\/v2\/comments?post=24965"}],"version-history":[{"count":0,"href":"https:\/\/247stiri.ro\/index.php\/wp-json\/wp\/v2\/posts\/24965\/revisions"}],"wp:featuredmedia":[{"embeddable":true,"href":"https:\/\/247stiri.ro\/index.php\/wp-json\/wp\/v2\/media\/24966"}],"wp:attachment":[{"href":"https:\/\/247stiri.ro\/index.php\/wp-json\/wp\/v2\/media?parent=24965"}],"wp:term":[{"taxonomy":"category","embeddable":true,"href":"https:\/\/247stiri.ro\/index.php\/wp-json\/wp\/v2\/categories?post=24965"},{"taxonomy":"post_tag","embeddable":true,"href":"https:\/\/247stiri.ro\/index.php\/wp-json\/wp\/v2\/tags?post=24965"}],"curies":[{"name":"wp","href":"https:\/\/api.w.org\/{rel}","templated":true}]}}