{"id":24970,"date":"2025-01-17T12:45:22","date_gmt":"2025-01-17T12:45:22","guid":{"rendered":"https:\/\/247stiri.ro\/index.php\/2025\/01\/17\/premierul-ciolacu-sustine-ca-nu-intelege-de-ce-protesteaza-politistii-vom-veni-cu-aceasta-exceptie-dupa-3-februarie-este-o-prioritate-a-parlamentului-la-fel-ca-si-legea-bugetului\/"},"modified":"2025-01-17T12:45:22","modified_gmt":"2025-01-17T12:45:22","slug":"premierul-ciolacu-sustine-ca-nu-intelege-de-ce-protesteaza-politistii-vom-veni-cu-aceasta-exceptie-dupa-3-februarie-este-o-prioritate-a-parlamentului-la-fel-ca-si-legea-bugetului","status":"publish","type":"post","link":"https:\/\/247stiri.ro\/index.php\/2025\/01\/17\/premierul-ciolacu-sustine-ca-nu-intelege-de-ce-protesteaza-politistii-vom-veni-cu-aceasta-exceptie-dupa-3-februarie-este-o-prioritate-a-parlamentului-la-fel-ca-si-legea-bugetului\/","title":{"rendered":"Premierul Ciolacu sus\u021bine c\u0103 nu \u00een\u021belege de ce protesteaz\u0103 poli\u021bi\u0219tii: \u201eVom veni cu aceast\u0103 excep\u021bie dup\u0103 3 februarie. Este o prioritate a Parlamentului la fel ca \u015fi legea bugetului\u201d"},"content":{"rendered":"<p>Marcel Ciolacu a fost \u00eentrebat, vineri, despre protestele poli\u0163i\u015ftilor fa\u0163\u0103 de m\u0103surile adoptate de Guvern la \u00eenceputul acestui an \u015fi despre faptul c\u0103 nu li se mai pl\u0103tesc orele suplimentare de s\u00e2mb\u0103t\u0103 \u015fi duminic\u0103.\u00a0\u00a0\u201dAm avut discu\u0163ia cu domnul ministru de interne, domnul ministru de interne a avut discu\u0163ia cu liderii de sindicat \u015fi am zis foarte clar c\u0103 vom veni cu aceast\u0103 excep\u0163ie \u00een Parlament dup\u0103 data de 3 februarie. Este o prioritate a Parlamentului la fel ca \u015fi legea bugetului\u201d, a afirmat Marcel Ciolacu.\u00a0El a fost \u00eentrebat dac\u0103 vor mai exista discu\u0163ii cu sindicali\u015ftii din sistemul de ap\u0103rare.\u00a0\u00a0\u201d\u015ei ast\u0103zi \u015feful Cancelariei va avea o \u00eent\u00e2lnire cu protestatari. Data trecut\u0103 c\u00e2nd s-au f\u0103cut m\u0103ririle, am avut o estimare pe tot ce \u00eenseamn\u0103 ordine public\u0103, c\u0103 efortul bugetar va fi de 1,3 miliarde. Efortul bugetar a fost de 6,2 miliarde. De aici s-a venit cu aceast\u0103 m\u0103sur\u0103 \u00een Ordonan\u0163a Trenule\u0163.\u00a0Cu adev\u0103rat vom veni \u015fi vom rezolva lucrurile pentru s\u00e2mbetele \u015fi duminicile, pentru c\u0103 nu avem de unde s\u0103 acoperim ca \u015fi for\u0163\u0103 uman\u0103 aceast\u0103 perioad\u0103 \u015fi este corect\u0103 abordarea\u201d, a afirmat premierul.\u00a0\u00centrebat dac\u0103 aceste proteste ar putea provoca instabilitate, Ciolacu a r\u0103spuns: \u201dNu. Suntem un stat democratic, se fac proteste, exist\u0103 dialog. \u00cemi pare r\u0103u c\u0103 se mai fac proteste pentru c\u0103 la nivelul coali\u0163iei \u015fi la nivelul guvernului, dup\u0103 discu\u0163iile avute cu ministrul de interne, lucrurile s-au l\u0103murit\u201d.<\/p>\n<p>Organiza\u0163iile sindicale din ap\u0103rare, ordine public\u0103 \u015fi siguran\u0163\u0103 na\u0163ional\u0103, la care se al\u0103tur\u0103 \u015fi unele structuri asociative ale rezervi\u015ftilor militari, protesteaz\u0103, vineri, \u00een Capital\u0103, nemul\u0163umite de prevederile Ordonan\u0163ei \u201eTrenule\u0163\u201d.<\/p>\n<p>Protestul este autorizat \u015fi are loc pe traseul Pia\u0163a Universit\u0103\u0163ii \u2013 Pia\u0163a Victoriei, urm\u00e2nd a fi pichetate mai multe ministere.<\/p>","protected":false},"excerpt":{"rendered":"<p>Marcel Ciolacu a fost \u00eentrebat, vineri, despre protestele poli\u0163i\u015ftilor fa\u0163\u0103 de m\u0103surile adoptate de Guvern&hellip;<\/p>\n","protected":false},"author":0,"featured_media":24971,"comment_status":"open","ping_status":"open","sticky":false,"template":"","format":"standard","meta":{"footnotes":""},"categories":[2],"tags":[],"class_list":["post-24970","post","type-post","status-publish","format-standard","has-post-thumbnail","hentry","category-actual"],"_links":{"self":[{"href":"https:\/\/247stiri.ro\/index.php\/wp-json\/wp\/v2\/posts\/24970","targetHints":{"allow":["GET"]}}],"collection":[{"href":"https:\/\/247stiri.ro\/index.php\/wp-json\/wp\/v2\/posts"}],"about":[{"href":"https:\/\/247stiri.ro\/index.php\/wp-json\/wp\/v2\/types\/post"}],"replies":[{"embeddable":true,"href":"https:\/\/247stiri.ro\/index.php\/wp-json\/wp\/v2\/comments?post=24970"}],"version-history":[{"count":0,"href":"https:\/\/247stiri.ro\/index.php\/wp-json\/wp\/v2\/posts\/24970\/revisions"}],"wp:featuredmedia":[{"embeddable":true,"href":"https:\/\/247stiri.ro\/index.php\/wp-json\/wp\/v2\/media\/24971"}],"wp:attachment":[{"href":"https:\/\/247stiri.ro\/index.php\/wp-json\/wp\/v2\/media?parent=24970"}],"wp:term":[{"taxonomy":"category","embeddable":true,"href":"https:\/\/247stiri.ro\/index.php\/wp-json\/wp\/v2\/categories?post=24970"},{"taxonomy":"post_tag","embeddable":true,"href":"https:\/\/247stiri.ro\/index.php\/wp-json\/wp\/v2\/tags?post=24970"}],"curies":[{"name":"wp","href":"https:\/\/api.w.org\/{rel}","templated":true}]}}