{"id":24972,"date":"2025-01-17T12:45:22","date_gmt":"2025-01-17T12:45:22","guid":{"rendered":"https:\/\/247stiri.ro\/index.php\/2025\/01\/17\/ciolacu-a-oferit-clarificari-cu-privire-la-amenzile-pe-care-le-pot-primi-romanii-daca-sustin-un-candidat-pe-retelele-sociale-e-o-interpretare-excesiva-este-exclus-ca-in-romania-sa-se-interz\/"},"modified":"2025-01-17T12:45:22","modified_gmt":"2025-01-17T12:45:22","slug":"ciolacu-a-oferit-clarificari-cu-privire-la-amenzile-pe-care-le-pot-primi-romanii-daca-sustin-un-candidat-pe-retelele-sociale-e-o-interpretare-excesiva-este-exclus-ca-in-romania-sa-se-interz","status":"publish","type":"post","link":"https:\/\/247stiri.ro\/index.php\/2025\/01\/17\/ciolacu-a-oferit-clarificari-cu-privire-la-amenzile-pe-care-le-pot-primi-romanii-daca-sustin-un-candidat-pe-retelele-sociale-e-o-interpretare-excesiva-este-exclus-ca-in-romania-sa-se-interz\/","title":{"rendered":"Ciolacu a oferit clarific\u0103ri cu privire la amenzile pe care le pot primi rom\u00e2nii dac\u0103 sus\u021bin un candidat pe re\u021belele sociale: \u201eE o interpretare excesiv\u0103. Este exclus ca \u00een Rom\u00e2nia s\u0103 se interzic\u0103 TikTok-ul\u201d"},"content":{"rendered":"<p>Marcel Ciolacu a fost \u00eentrebat, vineri, dac\u0103 este posibil ca un rom\u00e2n care posteaz\u0103 pe o re\u0163ea de socializare un \u00eendemn pentru alegerea unui anumit candidat la alegerile preziden\u0163iale poate fi amendat, \u00een contextul modific\u0103rii legisla\u0163iei pentru alegerile din luna mai.\u00a0\u00a0\u201dNu exist\u0103 a\u015fa ceva. E o interpretare excesiv\u0103. Nu exist\u0103 a\u015fa ceva. Dar trebuie cumva s\u0103 \u00eenv\u0103\u0163\u0103m din gre\u015felile trecutului. \u015etim cu to\u0163ii ce s-a \u00eent\u00e2mplat\u00a0 data trecut\u0103 cu social media \u015fi cum a existat un abuz.\u00a0P\u0103rerea mea, cea mai mare problem\u0103 a fost faptul c\u0103 AEP-ul a avertizat\u00a0 c\u0103 un anumit candidat nu este blocat \u015fi are \u00eenc\u0103 acces la anumi\u0163i algoritmi. Restul, to\u0163i ceilal\u0163i candida\u0163i, au fost bloca\u0163i. \u015ei cel care gestiona TikTok-ul \u00een spe\u0163\u0103 nu a luat nicio m\u0103sur\u0103 \u00een timp real. De acolo mi se pare venind cu 5% pe cifra de afaceri o amend\u0103 \u00een cazul \u00een care, \u00eentr-un termen rezonabil, se solicit\u0103 acest lucru, imediat s\u0103 se fac\u0103, mi se pare cea mai important\u0103 modificare\u201d, a afirmat Ciolacu.\u00a0El a ad\u0103ugat c\u0103 este exclus ca \u00een Rom\u00e2nia s\u0103 fie interzis\u0103 re\u0163eaua TikTok.\u00a0\u201dNu cred c\u0103 va fi vreodat\u0103 cineva amendat, sunt unul dintre ap\u0103r\u0103torii democra\u0163iei, deoarece, \u00een compara\u0163ie cu dumneavoastr\u0103, eu am tr\u0103it \u015fi sub comunism \u015fi nu vreau s\u0103 m\u0103 \u00eentorc acolo. \u015ei \u015fti\u0163i la fel de bine sunt unul care, am spus explicit, este exclus ca \u00een Rom\u00e2nia s\u0103 se interzic\u0103 TikTok-ul sau altfel de social media, pentru c\u0103, vezi, Doamne s-a \u00eent\u00e2mplat un anumit lucru la alegeri\u201d, a explicat premierul.\u00a0\u00a0El a mai fost \u00eentrebat dac\u0103 statul rom\u00e2n poate amenda cu p\u00e2n\u0103 la 5% din cifra de afaceri companii precum Facebook, av\u00e2nd \u00een vedere c\u0103 acesta au o cifr\u0103 de afaceri global\u0103, nu \u00een \u0163ara noastr\u0103.\u00a0\u00a0\u201dDac\u0103 avem legisla\u0163ie, da. Ve\u0163i vedea c\u0103 am \u00eenceput toate demersurile \u015fi prin Ministerul de Externe \u015fi c\u0103tre Comisie, \u015fti\u0163i foarte bine c\u0103 a fost ceea ce prive\u015fte alegerile din Rom\u00e2nia, a fost o anchet\u0103 la nivelul Comisiei Europene\u201d, a afirmat Marcel Ciolacu.<\/p>","protected":false},"excerpt":{"rendered":"<p>Marcel Ciolacu a fost \u00eentrebat, vineri, dac\u0103 este posibil ca un rom\u00e2n care posteaz\u0103 pe&hellip;<\/p>\n","protected":false},"author":0,"featured_media":24973,"comment_status":"open","ping_status":"open","sticky":false,"template":"","format":"standard","meta":{"footnotes":""},"categories":[2],"tags":[],"class_list":["post-24972","post","type-post","status-publish","format-standard","has-post-thumbnail","hentry","category-actual"],"_links":{"self":[{"href":"https:\/\/247stiri.ro\/index.php\/wp-json\/wp\/v2\/posts\/24972","targetHints":{"allow":["GET"]}}],"collection":[{"href":"https:\/\/247stiri.ro\/index.php\/wp-json\/wp\/v2\/posts"}],"about":[{"href":"https:\/\/247stiri.ro\/index.php\/wp-json\/wp\/v2\/types\/post"}],"replies":[{"embeddable":true,"href":"https:\/\/247stiri.ro\/index.php\/wp-json\/wp\/v2\/comments?post=24972"}],"version-history":[{"count":0,"href":"https:\/\/247stiri.ro\/index.php\/wp-json\/wp\/v2\/posts\/24972\/revisions"}],"wp:featuredmedia":[{"embeddable":true,"href":"https:\/\/247stiri.ro\/index.php\/wp-json\/wp\/v2\/media\/24973"}],"wp:attachment":[{"href":"https:\/\/247stiri.ro\/index.php\/wp-json\/wp\/v2\/media?parent=24972"}],"wp:term":[{"taxonomy":"category","embeddable":true,"href":"https:\/\/247stiri.ro\/index.php\/wp-json\/wp\/v2\/categories?post=24972"},{"taxonomy":"post_tag","embeddable":true,"href":"https:\/\/247stiri.ro\/index.php\/wp-json\/wp\/v2\/tags?post=24972"}],"curies":[{"name":"wp","href":"https:\/\/api.w.org\/{rel}","templated":true}]}}