{"id":24978,"date":"2025-01-17T12:45:24","date_gmt":"2025-01-17T12:45:24","guid":{"rendered":"https:\/\/247stiri.ro\/index.php\/2025\/01\/17\/marcel-ciolacu-atac-la-victor-ponta-in-fata-liderilor-psd-de-ce-l-a-numit-adolescent\/"},"modified":"2025-01-17T12:45:24","modified_gmt":"2025-01-17T12:45:24","slug":"marcel-ciolacu-atac-la-victor-ponta-in-fata-liderilor-psd-de-ce-l-a-numit-adolescent","status":"publish","type":"post","link":"https:\/\/247stiri.ro\/index.php\/2025\/01\/17\/marcel-ciolacu-atac-la-victor-ponta-in-fata-liderilor-psd-de-ce-l-a-numit-adolescent\/","title":{"rendered":"Marcel Ciolacu, ATAC la Victor Ponta \u00een fa\u021ba liderilor PSD! De ce l-a numit \u201eadolescent\u201d"},"content":{"rendered":"<p>Pre\u0219edintele PSD, Marcel Ciolacu, a reac\u021bionat dup\u0103 ce deputatul PSD &#8211; Victor Ponta a anun\u021bat c\u0103 \u00eei va transmite \u0219i el lui Donald Trump o scrisoare prin care se semnaleaz\u0103 c\u0103 \u00een Rom\u00e2nia nu ar mai fi democra\u021bie.<\/p>\n<p>\u201eE un adolescent, se maturizeaz\u0103 mai greu\u201d, a declarat Marcel Ciolacu \u00eentr-o discu\u021bie cu jurnali\u0219tii acredita\u021bi la Guvern.<\/p>\n<p>Aceast\u0103 declara\u021bie vine la scurt timp dup\u0103 ce Marcel Ciolacu a transmis, \u00eentr-o discu\u021bie informal\u0103 cu presa, c\u0103 Victor Ponta ar putea fi exclus din PSD \u00een cazul \u00een care \u00ee\u0219i va anun\u021ba candidatura la alegerile preziden\u021biale.<\/p>\n<p>Fostul premier ajuns acum deputat de D\u00e2mbovi\u021ba a postat pe re\u021belele sociale un mesaj referitor la apelul f\u0103cut de jurnalistul Marius Tuc\u0103, care \u00eei \u00eendemna pe rom\u00e2ni s\u0103-i cear\u0103 ajutorul lui Trump cu privire la situa\u021bia actual\u0103 din \u021bar\u0103.\u00a0<\/p>\n<p>\u00cen goana de a se c\u0103\u021b\u0103ra \u00een continuare pe valul suveranist pentru a-\u0219i face loc \u00een b\u0103t\u0103lia spre Cotroceni, Victor Ponta a scris \u0219i citez: \u201eO idee foarte buna a lui Marius Tuca &#8211; \u0219i corect\u0103! Eu o s\u0103 semnez aceast\u0103 scrisoare &#8211; \u0219i o pun direct \u00een cutia po\u0219tal\u0103 a Casei Albe la Washington DC &#8211; luni pe 20 Ianuarie!\u201d, a spus Ponta pe re\u021belele sociale.\u00a0<\/p>\n<p><a href=\"https:\/\/www.realitatea.net\/stiri\/actual\/surse-psd-victor-ponta-ar-putea-fi-exclus-din-partid-daca-va-candida-la-prezidentiale_6788ce3ed183f243dd30b852\" target=\"_blank\">Victor Ponta ar putea fi EXCLUS din partid dac\u0103 va candida la preziden\u021biale!<\/a><\/p>","protected":false},"excerpt":{"rendered":"<p>Pre\u0219edintele PSD, Marcel Ciolacu, a reac\u021bionat dup\u0103 ce deputatul PSD &#8211; Victor Ponta a anun\u021bat&hellip;<\/p>\n","protected":false},"author":0,"featured_media":24962,"comment_status":"open","ping_status":"open","sticky":false,"template":"","format":"standard","meta":{"footnotes":""},"categories":[2],"tags":[],"class_list":["post-24978","post","type-post","status-publish","format-standard","has-post-thumbnail","hentry","category-actual"],"_links":{"self":[{"href":"https:\/\/247stiri.ro\/index.php\/wp-json\/wp\/v2\/posts\/24978","targetHints":{"allow":["GET"]}}],"collection":[{"href":"https:\/\/247stiri.ro\/index.php\/wp-json\/wp\/v2\/posts"}],"about":[{"href":"https:\/\/247stiri.ro\/index.php\/wp-json\/wp\/v2\/types\/post"}],"replies":[{"embeddable":true,"href":"https:\/\/247stiri.ro\/index.php\/wp-json\/wp\/v2\/comments?post=24978"}],"version-history":[{"count":0,"href":"https:\/\/247stiri.ro\/index.php\/wp-json\/wp\/v2\/posts\/24978\/revisions"}],"wp:featuredmedia":[{"embeddable":true,"href":"https:\/\/247stiri.ro\/index.php\/wp-json\/wp\/v2\/media\/24962"}],"wp:attachment":[{"href":"https:\/\/247stiri.ro\/index.php\/wp-json\/wp\/v2\/media?parent=24978"}],"wp:term":[{"taxonomy":"category","embeddable":true,"href":"https:\/\/247stiri.ro\/index.php\/wp-json\/wp\/v2\/categories?post=24978"},{"taxonomy":"post_tag","embeddable":true,"href":"https:\/\/247stiri.ro\/index.php\/wp-json\/wp\/v2\/tags?post=24978"}],"curies":[{"name":"wp","href":"https:\/\/api.w.org\/{rel}","templated":true}]}}