{"id":24987,"date":"2025-01-17T13:45:18","date_gmt":"2025-01-17T13:45:18","guid":{"rendered":"https:\/\/247stiri.ro\/index.php\/2025\/01\/17\/daniel-constantin-numit-secretar-general-al-guvernului-anca-alexandrescu-dan-voiculescu-a-amenintat-ca-rupe-orice-colaborare-cu-psd\/"},"modified":"2025-01-17T13:45:18","modified_gmt":"2025-01-17T13:45:18","slug":"daniel-constantin-numit-secretar-general-al-guvernului-anca-alexandrescu-dan-voiculescu-a-amenintat-ca-rupe-orice-colaborare-cu-psd","status":"publish","type":"post","link":"https:\/\/247stiri.ro\/index.php\/2025\/01\/17\/daniel-constantin-numit-secretar-general-al-guvernului-anca-alexandrescu-dan-voiculescu-a-amenintat-ca-rupe-orice-colaborare-cu-psd\/","title":{"rendered":"Daniel Constantin, numit secretar general al Guvernului! Anca Alexandrescu: \u201eDan Voiculescu a amenin\u021bat c\u0103 rupe orice colaborare cu PSD\u201d"},"content":{"rendered":"<p>Anca Alexandrescu a spus c\u0103, potrivit unor informa\u021bii pe surse, Dan Voiculescu, aflat \u00een r\u0103zboi cu Daniel Constantin, a amenin\u021bat PSD c\u0103 rupe orice colaborare cu PSD. \u201eEvident, va folosi trustul de pres\u0103 \u00eempotriva partidului\u201d, a spus Anca Alexandrescu.<\/p>\n<p>\u201eP\u0103i \u00eent\u00e2i trebuie s\u0103 spunem urm\u0103torul lucru, c\u0103 postul de secretar general al Guvernului este al PNL-ului \u0219i este o Coali\u021bie clar, a\u021bi v\u0103zut, este un protocol de Coali\u021bie. Daniel Constantin a fost votat de c\u0103tre PNL \u00een noua formul\u0103 ca \u0219i secretar general al Guvernului, \u00eens\u0103 apare o informa\u021bie foarte interesant\u0103 pe surse, cum c\u0103 \u00een aceast\u0103 diminea\u021b\u0103 Dan Voiculescu, cel de la Antena 3, \u0219ti\u021bi, care are un r\u0103zboi pe via\u021b\u0103 \u0219i pe moarte cu Daniel Constantin, de altfel Daniel Constantin a fost r\u0103stignit cu ghilmele de rigoare la acest post de televiziune, doar pentru c\u0103 \u0219i-a f\u0103cut datoria \u00een calitate de ministru al Agriculturii, eu \u0219tiu povestea pentru c\u0103 eram atunci acolo, n-a f\u0103cut absolut nimic ilegal, a amenin\u021bat PSD-ul c\u0103 rupe orice colaborare cu PSD, \u0219ti\u021bi foarte bine c\u0103 PSD-ul a pus pe listele de parlamentari, de europarlamentari, oameni de la Dan Voiculescu, de la partidul lui Dan Voiculescu, unii au ie\u0219it, al\u021bii nu. De altfel, domnul Cristian Popescu-Piedone bate din pinteni s\u0103 fie \u0219ef la ANPC, din informa\u021biile pe care le am, l-a amenin\u021bat pe Dan Voiculescu c\u0103 va rupe orice \u00een\u021belegere \u0219i evident c\u0103 va folosi trusul de pres\u0103 \u00eempotriva guvernului \u0219i a PSD-ului \u0219i a lui Marcel Ciolacu, dac\u0103 Daniel Constantin va fi numit secretar general al Guvernului. Evident, Marcel Ciolacu nu putea s\u0103 ia o alt\u0103 decizie dec\u00e2t cea pe care au votat-o \u00een biroul politic de la PNL, exist\u00e2nd acel protocol politic\u201d, a spus Anca Alexandrescu.<\/p>","protected":false},"excerpt":{"rendered":"<p>Anca Alexandrescu a spus c\u0103, potrivit unor informa\u021bii pe surse, Dan Voiculescu, aflat \u00een r\u0103zboi&hellip;<\/p>\n","protected":false},"author":0,"featured_media":24984,"comment_status":"open","ping_status":"open","sticky":false,"template":"","format":"standard","meta":{"footnotes":""},"categories":[2],"tags":[],"class_list":["post-24987","post","type-post","status-publish","format-standard","has-post-thumbnail","hentry","category-actual"],"_links":{"self":[{"href":"https:\/\/247stiri.ro\/index.php\/wp-json\/wp\/v2\/posts\/24987","targetHints":{"allow":["GET"]}}],"collection":[{"href":"https:\/\/247stiri.ro\/index.php\/wp-json\/wp\/v2\/posts"}],"about":[{"href":"https:\/\/247stiri.ro\/index.php\/wp-json\/wp\/v2\/types\/post"}],"replies":[{"embeddable":true,"href":"https:\/\/247stiri.ro\/index.php\/wp-json\/wp\/v2\/comments?post=24987"}],"version-history":[{"count":0,"href":"https:\/\/247stiri.ro\/index.php\/wp-json\/wp\/v2\/posts\/24987\/revisions"}],"wp:featuredmedia":[{"embeddable":true,"href":"https:\/\/247stiri.ro\/index.php\/wp-json\/wp\/v2\/media\/24984"}],"wp:attachment":[{"href":"https:\/\/247stiri.ro\/index.php\/wp-json\/wp\/v2\/media?parent=24987"}],"wp:term":[{"taxonomy":"category","embeddable":true,"href":"https:\/\/247stiri.ro\/index.php\/wp-json\/wp\/v2\/categories?post=24987"},{"taxonomy":"post_tag","embeddable":true,"href":"https:\/\/247stiri.ro\/index.php\/wp-json\/wp\/v2\/tags?post=24987"}],"curies":[{"name":"wp","href":"https:\/\/api.w.org\/{rel}","templated":true}]}}