{"id":24991,"date":"2025-01-17T13:45:19","date_gmt":"2025-01-17T13:45:19","guid":{"rendered":"https:\/\/247stiri.ro\/index.php\/2025\/01\/17\/numarul-virozelor-respiratorii-s-a-dublat-intr-o-saptamana-alexandru-rafila-anunt-important-despre-activitatea-scolara\/"},"modified":"2025-01-17T13:45:19","modified_gmt":"2025-01-17T13:45:19","slug":"numarul-virozelor-respiratorii-s-a-dublat-intr-o-saptamana-alexandru-rafila-anunt-important-despre-activitatea-scolara","status":"publish","type":"post","link":"https:\/\/247stiri.ro\/index.php\/2025\/01\/17\/numarul-virozelor-respiratorii-s-a-dublat-intr-o-saptamana-alexandru-rafila-anunt-important-despre-activitatea-scolara\/","title":{"rendered":"Num\u0103rul virozelor respiratorii s-a DUBLAT \u00eentr-o s\u0103pt\u0103m\u00e2n\u0103! Alexandru Rafila, anun\u021b important despre ACTIVITATEA \u0218COLAR\u0102"},"content":{"rendered":"<p>\u201dNe afl\u0103m \u00een plin sezon al virozelor \u015fi dac\u0103 s\u0103pt\u0103m\u00e2na trecut\u0103 aveam circa 45.000 de cazuri de viroze sanitare, \u00een raportarea din aceast\u0103 s\u0103pt\u0103m\u00e2n\u0103 num\u0103rul s-a dublat, sunt \u00een jur de 90.000 de cazuri de viroze, dar \u00eenc\u0103 ne afl\u0103m sub media ultimilor 5 ani \u015fi sub ceea ce s-a \u00eenregistrat anul trecut, \u00een acela\u015fi interval de timp. Au fost peste 100.000 de cazuri anul trecut, dar observ\u0103m, pe de o parte, o cre\u015ftere a num\u0103rului de cazuri de grip\u0103 diagnosticat\u0103 clinic, de la circa 4500 am ajuns la peste 5000 de cazuri \u00een aceast\u0103 s\u0103pt\u0103m\u00e2n\u0103 la nivel na\u0163ional\u201d, a declarat vineri, Rafila.<\/p>\n<p>El a precizat c\u0103 se \u00eencearc\u0103 preg\u0103tirea sistemului de s\u0103n\u0103tate pe trei paliere, \u00een primul r\u00e2nd asisten\u0163a medical\u0103 spitaliceasc\u0103, care s\u0103 permit\u0103 o organizare intern\u0103 a spitalelor, care s\u0103 preia pacien\u0163ii care au viroze respiratorii.<\/p>\n<p>Rafila a spus c\u0103 al doilea element important este cel de redeschidere poten\u0163ial\u0103 a centrelor de evaluare pe care le-am pus la punct \u00een timpul pandemiei COVID-19, adic\u0103 serviciile ambulatorii de specialitate care permit investiga\u0163ii, inclusiv de radiologie, astfel \u00eenc\u00e2t pacien\u0163ii care vin direct de la medicul de familie s\u0103 nu trebuiasc\u0103 s\u0103 mearg\u0103 s\u0103 blocheze, de exemplu, unit\u0103\u0163ile de primire urgent\u0103.<\/p>\n<p>Potrivit ministrului, al treilea palier este legat de medicina de familie, mai exact de centrele de permanen\u0163\u0103.\u00a0<\/p>\n<p>El a men\u0163ionat c\u0103 Direc\u0163ia de S\u0103n\u0103tate Public\u0103 va verifica \u00een fiecare jude\u0163 modul de func\u0163ionare a acestor centre. \u201dDac\u0103 sunt de permanen\u0163\u0103, trebuie s\u0103 asigure servicii medicale permanent, nu doar \u00eent\u00e2mpl\u0103tor, \u00eenc\u00e2t s\u0103 fim siguri c\u0103 oamenii, indiferent de ora la care au nevoie de serviciu medical, \u00eel pot ob\u0163ine fie \u00eentr-un centru de permanen\u0163\u0103, fie \u00eentr-un centru de evaluare, fie la unitatea medical\u0103 spitaliceasc\u0103\u201d, a precizat el.<\/p>\n<p>Ministrul a mai anun\u0163at c\u0103 evalueaz\u0103 stocurile de Oseltamivir, medicamentul antiviral care se d\u0103 doar \u00een grip\u0103.<\/p>\n<p>\u201dFac un apel at\u00e2t la popula\u0163ie c\u00e2t \u015fi la medici s\u0103 nu prescrie \u015fi s\u0103 nu ia medicamentul care se d\u0103 doar \u00een grip\u0103 pentru o viroz\u0103 banal\u0103. El, ca orice medicament antiviral, are anumite contraindica\u0163ii, are un grad de toxicitate \u015fi atunci trebuie s\u0103-l folosim exclusiv \u00een cazul gripei\u201d, a precizat Rafila.<\/p>\n<p>Ministrul a men\u0163ionat c\u0103, av\u00e2nd \u00een vedere c\u0103 au re\u00eenceput \u015fcolile, desf\u0103\u015furarea activit\u0103\u0163ii \u015fcolare trebuie s\u0103 continue c\u00e2t mai aproape de normal.<\/p>\n<p>\u201dEste important triajul epidemiologic \u015fi informarea p\u0103rin\u0163ilor. Un copil r\u0103cit ar trebui s\u0103 fie izolat la domiciliu, s\u0103 primeasc\u0103 tratament sintomatic, eventual \u00eel vede medicul de familie, nu trebuie dus \u00een colectivitate, iar dac\u0103 ajung copii r\u0103ci\u0163i care au viroze respiratorii la \u015fcoal\u0103, atunci triajul epidemiologic la \u015fcoal\u0103 este essential, pentru ca aceste infec\u0163ii s\u0103 nu se r\u0103sp\u00e2ndeasc\u0103 \u00een colectivitate\u201d, a spus Rafila.<\/p>\n<p>Ministrul a mai spus c\u0103 punctul lor de vedere este de continuare a activit\u0103\u0163ii \u015fcolare.<\/p>\n<p>\u201dCred c\u0103 experien\u0163a a fost traumatizant\u0103 pentru copii \u015fi pentru p\u0103rin\u0163ilor. \u00cenchiderea prelungit\u0103 a \u015fcolilor \u00eentr-o anumit\u0103 perioad\u0103, \u00een prima parte a pandemiei \u00een Rom\u00e2nia, a fost exagerat\u0103 \u015fi trebuie s\u0103 fie o m\u0103sur\u0103 excep\u0163ional\u0103. Nu trebuie s\u0103 fie o m\u0103sur\u0103 de rutin\u0103 \u00eencetarea activit\u0103\u0163ii \u015fcolare. Are efecte nefavorabile \u015fi asupra educa\u0163iei, \u015fi asupra dezvolt\u0103rii copilului, \u015fi asupra societ\u0103\u0163ii \u00een general, a\u015fa c\u0103 nu suntem promotorii unei astfel de politici sanitare, dimpotriv\u0103, \u015fcolile trebuie s\u0103-\u015fi continu\u0103 activitatea, sigur cu m\u0103surile de profilaxie, tradi\u0163ionale, care \u00eencep cu sp\u0103latul pe m\u00e2ini, cu igiena tusei, cu izolarea persoanelor care sunt infectate la domiciliu, ca \u015fi activitate curent\u0103.<\/p>\n<p>Ministrul S\u0103n\u0103t\u0103\u0163ii a anun\u0163at c\u0103 \u00een cursul acestei luni se mai poate continua vaccinarea antigripal\u0103.<\/p>\n<p>\u201dNum\u0103rul de cazuri de grip\u0103 \u00eenc\u0103 nu este a\u015fa de mare \u015fi av\u00e2nd \u00een vedere c\u0103 10-14 zile este perioada necesar\u0103 pentru ob\u0163inerea imunit\u0103\u0163ii dup\u0103 vaccinare, se poate continua vaccinarea \u00een aceast\u0103 perioad\u0103. Vaccinul este disponibil prin recomandare la medicul de familie, gratuit pentru copii \u015fi adolescen\u0163i, pentru femeile gravide, persoanele cu v\u00e2rsta de peste 65 de ani \u015fi cei care au boli cronice\u201d, a mai spus Rafila.<\/p>\n<p>Despre grip\u0103, ministrul a ar\u0103tat c\u0103 \u201dnu ne g\u0103sim la situa\u0163ii \u00eengrijor\u0103toare \u00een momentul de fa\u0163\u0103\u201d.<\/p>\n<p>\u201dAv\u00e2nd \u00een vedere ce se \u00eent\u00e2mpl\u0103 \u00een Europa, ce se \u00eent\u00e2mpl\u0103 mai ales \u00een vestul Europei, ne a\u015ftept\u0103m ca \u015fi \u00een Rom\u00e2nia situa\u0163ia s\u0103 evolueze ascendent, probabil \u00eenc\u0103 vreo trei-patru s\u0103pt\u0103m\u00e2ni, dup\u0103 care, \u00een mod firesc, a\u015fa cum se \u00eent\u00e2mpl\u0103 \u00een fiecare sezon, se intr\u0103 pe un tren descendent\u201d, a conchis ministrul.<\/p>","protected":false},"excerpt":{"rendered":"<p>\u201dNe afl\u0103m \u00een plin sezon al virozelor \u015fi dac\u0103 s\u0103pt\u0103m\u00e2na trecut\u0103 aveam circa 45.000 de&hellip;<\/p>\n","protected":false},"author":0,"featured_media":24992,"comment_status":"open","ping_status":"open","sticky":false,"template":"","format":"standard","meta":{"footnotes":""},"categories":[2],"tags":[],"class_list":["post-24991","post","type-post","status-publish","format-standard","has-post-thumbnail","hentry","category-actual"],"_links":{"self":[{"href":"https:\/\/247stiri.ro\/index.php\/wp-json\/wp\/v2\/posts\/24991","targetHints":{"allow":["GET"]}}],"collection":[{"href":"https:\/\/247stiri.ro\/index.php\/wp-json\/wp\/v2\/posts"}],"about":[{"href":"https:\/\/247stiri.ro\/index.php\/wp-json\/wp\/v2\/types\/post"}],"replies":[{"embeddable":true,"href":"https:\/\/247stiri.ro\/index.php\/wp-json\/wp\/v2\/comments?post=24991"}],"version-history":[{"count":0,"href":"https:\/\/247stiri.ro\/index.php\/wp-json\/wp\/v2\/posts\/24991\/revisions"}],"wp:featuredmedia":[{"embeddable":true,"href":"https:\/\/247stiri.ro\/index.php\/wp-json\/wp\/v2\/media\/24992"}],"wp:attachment":[{"href":"https:\/\/247stiri.ro\/index.php\/wp-json\/wp\/v2\/media?parent=24991"}],"wp:term":[{"taxonomy":"category","embeddable":true,"href":"https:\/\/247stiri.ro\/index.php\/wp-json\/wp\/v2\/categories?post=24991"},{"taxonomy":"post_tag","embeddable":true,"href":"https:\/\/247stiri.ro\/index.php\/wp-json\/wp\/v2\/tags?post=24991"}],"curies":[{"name":"wp","href":"https:\/\/api.w.org\/{rel}","templated":true}]}}