{"id":25002,"date":"2025-01-17T14:44:50","date_gmt":"2025-01-17T14:44:50","guid":{"rendered":"https:\/\/247stiri.ro\/index.php\/2025\/01\/17\/protest-mare-de-ziua-micii-uniri-val-masiv-de-nemultumire-civica-fermierii-si-transportatorii-vor-iesi-cu-utilajele-in-strada\/"},"modified":"2025-01-17T14:44:50","modified_gmt":"2025-01-17T14:44:50","slug":"protest-mare-de-ziua-micii-uniri-val-masiv-de-nemultumire-civica-fermierii-si-transportatorii-vor-iesi-cu-utilajele-in-strada","status":"publish","type":"post","link":"https:\/\/247stiri.ro\/index.php\/2025\/01\/17\/protest-mare-de-ziua-micii-uniri-val-masiv-de-nemultumire-civica-fermierii-si-transportatorii-vor-iesi-cu-utilajele-in-strada\/","title":{"rendered":"Protest mare de Ziua Micii Uniri: val masiv de nemul\u021bumire civic\u0103! Fermierii \u0219i transportatorii vor ie\u0219i cu utilajele \u00een strad\u0103"},"content":{"rendered":"<p>Potrivit Realitatea PLUS, se anun\u021b\u0103 o participare masiv\u0103, cu mii de oameni care vor veni \u00een Capital\u0103 \u0219i \u00een marile ora\u0219e din \u021bar\u0103. Fermierii \u0219i transportatorii vor veni cu utilaje agricole \u0219i camioane pentru a bloca str\u0103zile \u0219i a atrage aten\u021bia asupra situa\u021biei.<\/p>\n<p>Marele protest anun\u021bat \u00een ziua Micii Uniri reprezint\u0103 un moment crucial pentru Rom\u00e2nia. Este o dovad\u0103 a faptului c\u0103 cet\u0103\u021benii sunt gata s\u0103 \u00ee\u0219i apere drepturile \u0219i valorile democratice. <\/p>\n<p>M\u00e2ine se protesteaz\u0103 \u00een Capital\u0103 \u0219i \u00een marile orase, \u00een fa\u021ba prefecturilor, dup\u0103 lovitura de stat referitoare la anularea alegerilor.\u00a0<\/p>","protected":false},"excerpt":{"rendered":"<p>Potrivit Realitatea PLUS, se anun\u021b\u0103 o participare masiv\u0103, cu mii de oameni care vor veni&hellip;<\/p>\n","protected":false},"author":0,"featured_media":25003,"comment_status":"open","ping_status":"open","sticky":false,"template":"","format":"standard","meta":{"footnotes":""},"categories":[2],"tags":[],"class_list":["post-25002","post","type-post","status-publish","format-standard","has-post-thumbnail","hentry","category-actual"],"_links":{"self":[{"href":"https:\/\/247stiri.ro\/index.php\/wp-json\/wp\/v2\/posts\/25002","targetHints":{"allow":["GET"]}}],"collection":[{"href":"https:\/\/247stiri.ro\/index.php\/wp-json\/wp\/v2\/posts"}],"about":[{"href":"https:\/\/247stiri.ro\/index.php\/wp-json\/wp\/v2\/types\/post"}],"replies":[{"embeddable":true,"href":"https:\/\/247stiri.ro\/index.php\/wp-json\/wp\/v2\/comments?post=25002"}],"version-history":[{"count":0,"href":"https:\/\/247stiri.ro\/index.php\/wp-json\/wp\/v2\/posts\/25002\/revisions"}],"wp:featuredmedia":[{"embeddable":true,"href":"https:\/\/247stiri.ro\/index.php\/wp-json\/wp\/v2\/media\/25003"}],"wp:attachment":[{"href":"https:\/\/247stiri.ro\/index.php\/wp-json\/wp\/v2\/media?parent=25002"}],"wp:term":[{"taxonomy":"category","embeddable":true,"href":"https:\/\/247stiri.ro\/index.php\/wp-json\/wp\/v2\/categories?post=25002"},{"taxonomy":"post_tag","embeddable":true,"href":"https:\/\/247stiri.ro\/index.php\/wp-json\/wp\/v2\/tags?post=25002"}],"curies":[{"name":"wp","href":"https:\/\/api.w.org\/{rel}","templated":true}]}}