{"id":25025,"date":"2025-01-17T15:45:26","date_gmt":"2025-01-17T15:45:26","guid":{"rendered":"https:\/\/247stiri.ro\/index.php\/2025\/01\/17\/cazul-militarului-mort-prin-electrocutare-pe-un-tanc-in-gara-alba-iulia-aproape-de-prescriere-au-tecut-6-ani-de-cercetari-fara-un-rezultat\/"},"modified":"2025-01-17T15:45:26","modified_gmt":"2025-01-17T15:45:26","slug":"cazul-militarului-mort-prin-electrocutare-pe-un-tanc-in-gara-alba-iulia-aproape-de-prescriere-au-tecut-6-ani-de-cercetari-fara-un-rezultat","status":"publish","type":"post","link":"https:\/\/247stiri.ro\/index.php\/2025\/01\/17\/cazul-militarului-mort-prin-electrocutare-pe-un-tanc-in-gara-alba-iulia-aproape-de-prescriere-au-tecut-6-ani-de-cercetari-fara-un-rezultat\/","title":{"rendered":"Cazul militarului mort prin electrocutare, pe un tanc, \u00een Gara Alba Iulia, aproape de prescriere. Au tecut 6 ani de cercet\u0103ri f\u0103r\u0103 un rezultat"},"content":{"rendered":"<p>Judec\u0103toria Alba Iulia a \u00eentors, pentru a doua oar\u0103, la Parchetul de pe l\u00e2ng\u0103 Tribunalul Alba dosarul penal privind decesul unui militar, \u00een noiembrie 2018, \u00een Gara Alba Iulia, potrivit Ziarului <a href=\"https:\/\/ziarulunirea.ro\/video-dosarul-militarului-mort-prin-electrocutare-pe-un-tanc-in-gara-alba-iulia-aproape-de-prescriere-sase-ani-de-cercetari-fara-niciun-rezultat-922221\/\" target=\"_blank\">Unirea<\/a>. Militarul participa la opera\u021biunea de desc\u0103rcare a unui tanc. care urma s\u0103 participe la parada militar\u0103 organizat\u0103 de Ziua Na\u021bional\u0103 a Rom\u00e2niei.<\/p>\n<p>Prima hot\u0103r\u00e2re dateaz\u0103 din 5 martie 2023, iar a doua a fost luat\u0103 pe 9 ianuarie 2025. Ordonan\u021ba de clasare a procurorilor a fost contestat\u0103, \u00een ambele cazuri, de familia militarului, care a reclamat faptul c\u0103 un angajat al CFR SA, \u00een func\u021bia de dispecer energetic \u00een Gara Alba Iulia, le-ar fi transmis militarilor c\u0103 linia sub care a fost tras convoiul militar nu era alimentat\u0103 cu energie electric\u0103.<\/p>\n<p>\u00cen schimb, procurorii au considerat c\u0103 moartea victimei nu este o consecin\u021b\u0103 a ac\u021biunii personalului sta\u021biei de cale ferat\u0103 din Alba Iulia, \u00eentruc\u00e2t acesta nu de\u021binea calitatea necesar\u0103 pentru a dispune debarcarea.<\/p>\n<p>Procurorii vor s\u0103 retrimit\u0103 dosarul la Parchetul Militar din Cluj-Napoca, \u00een condi\u021biile \u00een care mai sunt viza\u021bi doi suspec\u021bi militari.<\/p>\n<p>Plutonierul Alexandru Orosz (33 de ani) a murit electrocutat c\u00e2nd a atins cu o anten\u0103 liniile de \u00eenalt\u0103 tensiune din gar\u0103. Militarul se afla pe un vehicul militar adus la Alba Iulia de la Turda pentru marea parad\u0103 din 1 Decembrie 2018.\u00a0<\/p>","protected":false},"excerpt":{"rendered":"<p>Judec\u0103toria Alba Iulia a \u00eentors, pentru a doua oar\u0103, la Parchetul de pe l\u00e2ng\u0103 Tribunalul&hellip;<\/p>\n","protected":false},"author":0,"featured_media":25026,"comment_status":"open","ping_status":"open","sticky":false,"template":"","format":"standard","meta":{"footnotes":""},"categories":[2],"tags":[],"class_list":["post-25025","post","type-post","status-publish","format-standard","has-post-thumbnail","hentry","category-actual"],"_links":{"self":[{"href":"https:\/\/247stiri.ro\/index.php\/wp-json\/wp\/v2\/posts\/25025","targetHints":{"allow":["GET"]}}],"collection":[{"href":"https:\/\/247stiri.ro\/index.php\/wp-json\/wp\/v2\/posts"}],"about":[{"href":"https:\/\/247stiri.ro\/index.php\/wp-json\/wp\/v2\/types\/post"}],"replies":[{"embeddable":true,"href":"https:\/\/247stiri.ro\/index.php\/wp-json\/wp\/v2\/comments?post=25025"}],"version-history":[{"count":0,"href":"https:\/\/247stiri.ro\/index.php\/wp-json\/wp\/v2\/posts\/25025\/revisions"}],"wp:featuredmedia":[{"embeddable":true,"href":"https:\/\/247stiri.ro\/index.php\/wp-json\/wp\/v2\/media\/25026"}],"wp:attachment":[{"href":"https:\/\/247stiri.ro\/index.php\/wp-json\/wp\/v2\/media?parent=25025"}],"wp:term":[{"taxonomy":"category","embeddable":true,"href":"https:\/\/247stiri.ro\/index.php\/wp-json\/wp\/v2\/categories?post=25025"},{"taxonomy":"post_tag","embeddable":true,"href":"https:\/\/247stiri.ro\/index.php\/wp-json\/wp\/v2\/tags?post=25025"}],"curies":[{"name":"wp","href":"https:\/\/api.w.org\/{rel}","templated":true}]}}