{"id":25120,"date":"2025-01-17T21:45:03","date_gmt":"2025-01-17T21:45:03","guid":{"rendered":"https:\/\/247stiri.ro\/index.php\/2025\/01\/17\/incident-violent-in-tramvai-un-calator-nervos-a-spart-geamul-cu-o-trotineta-pentru-ca-i-s-a-refuzat-accesul-in-mijlocul-de-transport\/"},"modified":"2025-01-17T21:45:03","modified_gmt":"2025-01-17T21:45:03","slug":"incident-violent-in-tramvai-un-calator-nervos-a-spart-geamul-cu-o-trotineta-pentru-ca-i-s-a-refuzat-accesul-in-mijlocul-de-transport","status":"publish","type":"post","link":"https:\/\/247stiri.ro\/index.php\/2025\/01\/17\/incident-violent-in-tramvai-un-calator-nervos-a-spart-geamul-cu-o-trotineta-pentru-ca-i-s-a-refuzat-accesul-in-mijlocul-de-transport\/","title":{"rendered":"Incident violent \u00een tramvai: un c\u0103l\u0103tor nervos a spart geamul cu o trotinet\u0103 pentru c\u0103 i s-a refuzat accesul \u00een mijlocul de transport"},"content":{"rendered":"<p>Cum s-a petrecut incidentul<\/p>\n<p>Potrivit Societ\u0103\u021bii de Transport Public Timi\u0219oara (STPT), incidentul s-a produs \u00een Pia\u021ba 700, pe linia de tramvai 6. B\u0103rbatul a \u00eencercat s\u0103 urce \u00een tramvai cu o trotinet\u0103, dar a fost oprit de vatman, ceea ce a declan\u0219at o reac\u021bie violent\u0103. Nemul\u021bumit, b\u0103rbatul a cobor\u00e2t din tramvai \u0219i a lovit cu trotineta geamul ultimei u\u0219i, sp\u0103rg\u00e2ndu-l.<\/p>\n<p>Vatmanul, un b\u0103rbat de 70 de ani, a apelat imediat la num\u0103rul de urgen\u021b\u0103 112 pentru a raporta incidentul. Poli\u021bia s-a deplasat prompt la fa\u021ba locului pentru a investiga.<\/p>\n<p>Inspectoratul de Poli\u021bie al Jude\u021bului Timi\u0219 a confirmat c\u0103 <a href=\"https:\/\/www.realitatea.net\/stiri\/actual\/o-persoana-a-murit-dupa-ce-a-facut-infarct-in-tramvai-traficul-pe-linia-25-blocat-marti-seara-ce-masuri-a-luat-stb_6787523c0860067c52258745\" target=\"_blank\">incidentul a fost semnalat<\/a> la ora 19:30. Poli\u021bi\u0219tii de la Sec\u021bia 1 Urban\u0103 Timi\u0219oara au ajuns rapid \u00een Pia\u021ba 700, unde l-au identificat pe vatmanul care a raportat fapta.<\/p>\n<p>\u201e\u00cen urma unui conflict spontan, un c\u0103l\u0103tor care inten\u021biona s\u0103 urce \u00een tramvai cu o trotinet\u0103 a distrus geamul u\u0219ii folosindu-se de aceasta. \u00cen prezent, se desf\u0103\u0219oar\u0103 cercet\u0103ri pentru identificarea autorului \u0219i stabilirea circumstan\u021belor exacte ale incidentului\u201d, a transmis IPJ Timi\u0219.<\/p>\n<p>Dosar penal pentru distrugere<\/p>\n<p><a href=\"https:\/\/www.realitatea.net\/stiri\/actual\/gest-iresponsabil-intrun-tramvai-din-timisoara-un-calator-a-aruncat-o-petarda-in-cabina-vatmanului_6782b59634918210eb176c38\" target=\"_blank\">Poli\u021bi\u0219tii au deschis un dosar penal<\/a> pentru distrugere, urm\u0103rind s\u0103 \u00eel identifice \u0219i s\u0103 \u00eel trag\u0103 la r\u0103spundere pe b\u0103rbatul implicat. Totodat\u0103, autorit\u0103\u021bile analizeaz\u0103 imaginile surprinse de camerele de supraveghere din zon\u0103 pentru a facilita prinderea acestuia.<\/p>\n<p>Reprezentan\u021bii STPT reamintesc c\u0103 regulile de acces \u00een mijloacele de transport public trebuie respectate pentru a asigura siguran\u021ba tuturor c\u0103l\u0103torilor. \u201eCondamn\u0103m astfel de acte de violen\u021b\u0103 \u0219i colabor\u0103m str\u00e2ns cu autorit\u0103\u021bile pentru a preveni situa\u021bii similare \u00een viitor\u201d, au declarat oficialii STPT.<\/p>","protected":false},"excerpt":{"rendered":"<p>Cum s-a petrecut incidentul Potrivit Societ\u0103\u021bii de Transport Public Timi\u0219oara (STPT), incidentul s-a produs \u00een&hellip;<\/p>\n","protected":false},"author":0,"featured_media":25121,"comment_status":"open","ping_status":"open","sticky":false,"template":"","format":"standard","meta":{"footnotes":""},"categories":[2],"tags":[],"class_list":["post-25120","post","type-post","status-publish","format-standard","has-post-thumbnail","hentry","category-actual"],"_links":{"self":[{"href":"https:\/\/247stiri.ro\/index.php\/wp-json\/wp\/v2\/posts\/25120","targetHints":{"allow":["GET"]}}],"collection":[{"href":"https:\/\/247stiri.ro\/index.php\/wp-json\/wp\/v2\/posts"}],"about":[{"href":"https:\/\/247stiri.ro\/index.php\/wp-json\/wp\/v2\/types\/post"}],"replies":[{"embeddable":true,"href":"https:\/\/247stiri.ro\/index.php\/wp-json\/wp\/v2\/comments?post=25120"}],"version-history":[{"count":0,"href":"https:\/\/247stiri.ro\/index.php\/wp-json\/wp\/v2\/posts\/25120\/revisions"}],"wp:featuredmedia":[{"embeddable":true,"href":"https:\/\/247stiri.ro\/index.php\/wp-json\/wp\/v2\/media\/25121"}],"wp:attachment":[{"href":"https:\/\/247stiri.ro\/index.php\/wp-json\/wp\/v2\/media?parent=25120"}],"wp:term":[{"taxonomy":"category","embeddable":true,"href":"https:\/\/247stiri.ro\/index.php\/wp-json\/wp\/v2\/categories?post=25120"},{"taxonomy":"post_tag","embeddable":true,"href":"https:\/\/247stiri.ro\/index.php\/wp-json\/wp\/v2\/tags?post=25120"}],"curies":[{"name":"wp","href":"https:\/\/api.w.org\/{rel}","templated":true}]}}