{"id":25170,"date":"2025-01-18T07:45:02","date_gmt":"2025-01-18T07:45:02","guid":{"rendered":"https:\/\/247stiri.ro\/index.php\/2025\/01\/18\/un-vagon-al-unui-tren-privat-de-marfa-a-deraiat-circulatie-feroviara-restrictionata-pe-un-fir-intre-statiile-orbeni-faraoani\/"},"modified":"2025-01-18T07:45:02","modified_gmt":"2025-01-18T07:45:02","slug":"un-vagon-al-unui-tren-privat-de-marfa-a-deraiat-circulatie-feroviara-restrictionata-pe-un-fir-intre-statiile-orbeni-faraoani","status":"publish","type":"post","link":"https:\/\/247stiri.ro\/index.php\/2025\/01\/18\/un-vagon-al-unui-tren-privat-de-marfa-a-deraiat-circulatie-feroviara-restrictionata-pe-un-fir-intre-statiile-orbeni-faraoani\/","title":{"rendered":"Un vagon al unui tren privat de marf\u0103 a DERAIAT! Circula\u0163ie feroviar\u0103 restric\u0163ionat\u0103 pe un fir \u00eentre sta\u0163iile Orbeni &#8211; Faraoani"},"content":{"rendered":"<p>\u201eCircula\u0163ia feroviar\u0103 este restric\u0163ionat\u0103 temporar pe firul I, \u00eentre sta\u0163iile Orbeni &#8211; Faraoani, din cauza deraierii de prima osie a unui vagon din compunerea unui tren privat de marf\u0103, la km 270+600\u201d, informeaz\u0103 Compania Na\u0163ional\u0103 de C\u0103i Ferate CFR SA.<\/p>\n<p>Traficul feroviar de c\u0103l\u0103tori nu este afectat, toate trenurile, care sunt programate s\u0103 tranziteze intervalul respectiv, vor circula pe firul II.<\/p>\n<p>\u201eCFR SA asigur\u0103 publicul c\u0103l\u0103tor de faptul c\u0103, personalul SRCF Ia\u015fi va acorda tot suportul tehnic necesar operatorului privat pentru repunerea pe \u015fin\u0103 a vagonului \u015fi, de asemenea, va interveni cu personal specializat pentru \u00eenlocuirea, repararea, dup\u0103 caz, a componentelor liniei afectate de deraiere,\u00a0 astfel \u00eenc\u00e2t traficul feroviar pe firul II Orbeni &#8211; Faraoani s\u0103 se reia \u00een condi\u0163ii de siguran\u0163\u0103\u201d, precizeaz\u0103 compania.<\/p>","protected":false},"excerpt":{"rendered":"<p>\u201eCircula\u0163ia feroviar\u0103 este restric\u0163ionat\u0103 temporar pe firul I, \u00eentre sta\u0163iile Orbeni &#8211; Faraoani, din cauza&hellip;<\/p>\n","protected":false},"author":0,"featured_media":25171,"comment_status":"open","ping_status":"open","sticky":false,"template":"","format":"standard","meta":{"footnotes":""},"categories":[2],"tags":[],"class_list":["post-25170","post","type-post","status-publish","format-standard","has-post-thumbnail","hentry","category-actual"],"_links":{"self":[{"href":"https:\/\/247stiri.ro\/index.php\/wp-json\/wp\/v2\/posts\/25170","targetHints":{"allow":["GET"]}}],"collection":[{"href":"https:\/\/247stiri.ro\/index.php\/wp-json\/wp\/v2\/posts"}],"about":[{"href":"https:\/\/247stiri.ro\/index.php\/wp-json\/wp\/v2\/types\/post"}],"replies":[{"embeddable":true,"href":"https:\/\/247stiri.ro\/index.php\/wp-json\/wp\/v2\/comments?post=25170"}],"version-history":[{"count":0,"href":"https:\/\/247stiri.ro\/index.php\/wp-json\/wp\/v2\/posts\/25170\/revisions"}],"wp:featuredmedia":[{"embeddable":true,"href":"https:\/\/247stiri.ro\/index.php\/wp-json\/wp\/v2\/media\/25171"}],"wp:attachment":[{"href":"https:\/\/247stiri.ro\/index.php\/wp-json\/wp\/v2\/media?parent=25170"}],"wp:term":[{"taxonomy":"category","embeddable":true,"href":"https:\/\/247stiri.ro\/index.php\/wp-json\/wp\/v2\/categories?post=25170"},{"taxonomy":"post_tag","embeddable":true,"href":"https:\/\/247stiri.ro\/index.php\/wp-json\/wp\/v2\/tags?post=25170"}],"curies":[{"name":"wp","href":"https:\/\/api.w.org\/{rel}","templated":true}]}}