{"id":25173,"date":"2025-01-18T07:45:03","date_gmt":"2025-01-18T07:45:03","guid":{"rendered":"https:\/\/247stiri.ro\/index.php\/2025\/01\/18\/stare-de-alerta-maxima-la-washington-pregatiri-fara-precedent-pentru-cea-de-a-doua-investire-a-lui-donald-trump-programul\/"},"modified":"2025-01-18T07:45:03","modified_gmt":"2025-01-18T07:45:03","slug":"stare-de-alerta-maxima-la-washington-pregatiri-fara-precedent-pentru-cea-de-a-doua-investire-a-lui-donald-trump-programul","status":"publish","type":"post","link":"https:\/\/247stiri.ro\/index.php\/2025\/01\/18\/stare-de-alerta-maxima-la-washington-pregatiri-fara-precedent-pentru-cea-de-a-doua-investire-a-lui-donald-trump-programul\/","title":{"rendered":"Stare de alert\u0103 maxim\u0103 la Washington: Preg\u0103tiri f\u0103r\u0103 precedent pentru cea de-a doua \u00eenvestire a lui Donald Trump! PROGRAMUL"},"content":{"rendered":"<p>Pentru a fi \u00een siguran\u021b\u0103 participan\u021bii \u0219i oficialii, au fost ridicate 48 de kilometri de garduri negre temporare, care \u00eemprejmuiesc zonele-cheie ale capitalei americane. De asemenea, 25.000 de membri ai for\u021belor de ordine, inclusiv din Garda Na\u021bional\u0103, sunt mobiliza\u021bi pentru a patrula str\u0103zile \u0219i pentru a asigura securitatea la punctele de control stabilite pentru verificarea spectatorilor.<\/p>\n<p>Evenimentul vine pe fondul unei tensiuni sporite \u00een Statele Unite, fiind luate m\u0103suri suplimentare dup\u0103 dou\u0103 atentate la via\u021ba pre\u0219edintelui ales \u00een timpul campaniei electorale. \u00centr-unul dintre aceste incidente, glon\u021bul unui atacator a atins fizic urechea lui Trump. \u00cen plus, cele dou\u0103 atacuri recente de Anul Nou asupra civililor americani au amplificat starea de alert\u0103.<\/p>\n<p>Spre deosebire de ceremonia inaugural\u0103 de acum patru ani, care a fost marcat\u0103 de proteste \u0219i controverse, cea de-a doua \u00eenvestire a lui Donald Trump este organizat\u0103 sub un nivel de securitate f\u0103r\u0103 precedent. Accesul la eveniment este controlat strict, iar participan\u021bii vor trece prin verific\u0103ri riguroase.<\/p>\n<p>S\u00c2MB\u0102T\u0102<\/p>\n<p>Dineu al cabinetului:<\/p>\n<p>Vicepre\u015fedintele ales JD Vance va participa la o recep\u0163ie de sear\u0103 pentru membrii noului cabinet \u015fi va g\u0103zdui un dineu la Washington.<\/p>\n<p>Spectacol de artificii:<\/p>\n<p>Trump va g\u0103zdui o recep\u0163ie de sear\u0103 \u015fi un spectacol de artificii la clubul s\u0103u de golf din Sterling, Virginia.<\/p>\n<p>DUMINIC\u0102<\/p>\n<p>Ceremonia de la Arlington:<\/p>\n<p>Pre\u015fedintele ales va participa la o ceremonie de depunere de coroane la Morm\u00e2ntul Soldatului Necunoscut de la Cimitirul Na\u0163ional Arlington.<\/p>\n<p>Miting MAGA:<\/p>\n<p>Seara, Trump va organiza un miting \u00een stilul campaniei electorale, intitulat \u201eMAGA Victory\u201d, la Arena Capital One din centrul Washingtonului.<\/p>\n<p>Mitingul va include spectacole sus\u0163inute de Kid Rock, Billy Ray Cyrus, The Village People, Lee Greenwood \u015fi un cor al Universit\u0103\u0163ii Liberty care va readuce \u00een memorie tentativa de asasinare asupra lui Trump din Butler, Pennsylvania, unde un participant la miting a fost ucis \u015fi trei persoane au fost r\u0103nite, inclusiv Trump, a c\u0103rui ureche a fost zg\u00e2riat\u0103 de glon\u0163.<\/p>\n<p>Printre vorbitorii de la miting se vor num\u0103ra Trump, Vance, Elon Musk, fostul star de wrestling Hulk Hogan, actorul Jon Voight, pre\u015fedintele UFC Dana White, starul reggaeton portorican Anuel AA, fondatorul Turning Point Charlie Kirk \u015fi podcasterul conservator Megyn Kelly.<\/p>\n<p>Dineu:<\/p>\n<p>Trump va participa la un dineu la lumina lum\u00e2n\u0103rilor, la care este a\u015fteptat s\u0103 ia cuv\u00e2ntul.<\/p>\n<p>LUNI<\/p>\n<p>Slujb\u0103 religioas\u0103:<\/p>\n<p>Trump va \u00eencepe ziua particip\u00e2nd la o slujb\u0103 la biserica episcopal\u0103 St. John&#8217;s, situat\u0103 vizavi de parcul Lafayette de la Casa Alb\u0103, o tradi\u0163ie pentru pre\u015fedin\u0163ii ale\u015fi.<\/p>\n<p>Ceai la Casa Alb\u0103:<\/p>\n<p>Trump \u015fi viitoarea prim\u0103-doamn\u0103 Melania Trump se vor \u00eent\u00e2lni cu pre\u015fedintele Joe Biden \u015fi prima-doamn\u0103 Jill Biden la Casa Alb\u0103 pentru un ceai care are loc \u00een mod tradi\u0163ional pentru a \u00eent\u00e2mpina un nou pre\u015fedinte. Nu a fost cazul respect\u0103rii acestei tradi\u0163ii c\u00e2nd Trump a plecat sup\u0103rat de la Casa Alb\u0103 \u00een 2021 fiind nevoit s\u0103-i lase locul lui Joe Biden.<\/p>\n<p>Ceremonia de depunere a jur\u0103m\u00e2ntului \u00een Rotonda Capitoliului Statelor Unite:<\/p>\n<p>&#8211; Preludiu muzical sus\u0163inut de Corurile combinate ale Universit\u0103\u0163ii Nebraska-Lincoln<\/p>\n<p>&#8211; Preludiu: \u201eThe President&#8217;s Own\u201d, cu Fanfara Marinei Statelor Unite<\/p>\n<p>&#8211; Deschiderea lucr\u0103rilor de c\u0103tre senatoarea Amy Klobuchar, Minnesota<\/p>\n<p>&#8211; Moment de invocare religioas\u0103 cu cardinalul Timothy Dolan, arhiepiscop de New York, pastorul Franklin Graham de la Samaritan&#8217;s Purse \u015fi Asocia\u0163ia Evanghelic\u0103 Billy Graham<\/p>\n<p>&#8211; Artistul de oper\u0103 Christopher D. Macchio va c\u00e2nta \u201eOh, America!\u201d<\/p>\n<p>&#8211; Jur\u0103m\u00e2ntul vicepre\u015fedintelui depus \u00een fa\u0163a judec\u0103torului Brett Kavanaugh de la Curtea Suprem\u0103 a SUA<\/p>\n<p>&#8211; Moment muzical \u201eAmerica the Beautiful\u201d, cu Carrie Underwood, Corul For\u0163elor Armate \u015fi Clubul Glee al Academiei Navale a Statelor Unite<\/p>\n<p>&#8211; Jur\u0103m\u00e2ntul preziden\u0163ial depus \u00een fa\u0163a pre\u015fedintelui Cur\u0163ii Supreme de Justi\u0163ie, John Roberts<\/p>\n<p>&#8211; \u201eImnul de lupt\u0103 al Republicii\u201d, interpretat de Clubul Glee al Academiei Navale a Statelor Unite<\/p>\n<p>Discursul de \u00eenvestire al lui Trump<\/p>\n<p>Binecuv\u00e2ntare din partea pre\u015fedintelui Universit\u0103\u0163ii Yeshiva, Rabinul Dr. Ari Berman, a imamului Husham Al-Husainy de la Centrul Islamic Karbalaa, a pastorului senior Lorenzo Sewell de la Biserica 180 din Detroit \u015fi a reverendului p\u0103rinte Frank Mann de la Dioceza Romano-Catolic\u0103 din Brooklyn\/<\/p>\n<p>Intonarea imnului na\u0163ional, \u201eThe Star-Spangled Banner\u201d de Christopher Macchio<\/p>\n<p>Desp\u0103r\u0163irea de fostul pre\u015fedinte:<\/p>\n<p>&#8211; Biden \u015fi vicepre\u015fedintele Kamala Harris \u00ee\u015fi vor lua r\u0103mas bun oficial la plecarea din Capitoliu<\/p>\n<p>Ceremonia de semnare a pre\u015fedintelui:<\/p>\n<p>Trump se va \u00eendrepta spre Sala Pre\u015fedintelui, chiar l\u00e2ng\u0103 Camera Senatului din Capitoliul SUA, pentru o ceremonie de semnare, unde membrii Congresului vor asista \u015fi vor privi cum pre\u015fedintele proasp\u0103t \u00eenvestit semneaz\u0103 nominaliz\u0103ri, memorandumuri sau ordine executive.<\/p>\n<p>Pr\u00e2nzul inaugural:<\/p>\n<p>Noul pre\u015fedinte \u015fi noul vicepre\u015fedinte particip\u0103 la un pr\u00e2nz la Statuary Hall din Capitoliul SUA, g\u0103zduit de Comitetul mixt al Congresului pentru ceremoniile inaugurale.<\/p>\n<p>Trecerea trupelor \u00een revist\u0103:<\/p>\n<p>Dup\u0103 pr\u00e2nz, pre\u015fedintele \u015fi vicepre\u015fedintele se \u00eendreapt\u0103 spre treptele aripii de est ale Capitoliului, unde urmeaz\u0103 s\u0103 treac\u0103 \u00een revist\u0103 trupele militare.<\/p>\n<p>Parada preziden\u0163ial\u0103:<\/p>\n<p>Din cauza vremii reci, Trump a mutat tradi\u0163ionala parad\u0103 de pe Pennsylvania Avenue la Arena Capitol One din Washington. Se a\u015fteapt\u0103 ca evenimentul s\u0103 includ\u0103 o alocu\u0163iune din partea lui Trump \u015fi fanfare<\/p>\n<p>Ceremonia din Biroul Oval:<\/p>\n<p>Trump se va \u00eendreapta spre Casa Alb\u0103 pentru o ceremonie \u00een Biroul Oval<\/p>\n<p>Baluri inaugurale:<\/p>\n<p>Balul inaugural al comandantului suprem: Trupa de muzic\u0103 country Rascal Flatts \u015fi c\u00e2nt\u0103re\u0163ul country Parker McCollum vor c\u00e2nta la balul destinat membrilor serviciilor militare. Trump este programat s\u0103 ia cuv\u00e2ntul.<\/p>\n<p>Balul inaugural Liberty: Rapperul Nelly, c\u00e2nt\u0103re\u0163ul country Jason Aldean \u015fi trupa disco The Village People sunt programa\u0163i s\u0103 c\u00e2nte la balul destinat sus\u0163in\u0103torilor lui Trump. Trump este programat s\u0103 \u0163in\u0103 un discurs.<\/p>\n<p>Starlight Ball: c\u00e2nt\u0103re\u0163ul \u015fi compozitorul Gavin DeGraw va c\u00e2nta \u015fi Trump va vorbi la cel de-al treilea bal inaugural, la care se a\u015fteapt\u0103 ca invita\u0163ii s\u0103 fie marii donatori ai noului pre\u015fedinte.<\/p>\n<p>MAR\u0162I<\/p>\n<p>Serviciul na\u0163ional de rug\u0103ciune:<\/p>\n<p>Trump va participa la tradi\u0163ionalul serviciu de rug\u0103ciune din diminea\u0163a de dup\u0103 \u00eenvestire, la Catedrala Na\u0163ional\u0103 din Washington.<\/p>","protected":false},"excerpt":{"rendered":"<p>Pentru a fi \u00een siguran\u021b\u0103 participan\u021bii \u0219i oficialii, au fost ridicate 48 de kilometri de&hellip;<\/p>\n","protected":false},"author":0,"featured_media":25169,"comment_status":"open","ping_status":"open","sticky":false,"template":"","format":"standard","meta":{"footnotes":""},"categories":[2],"tags":[],"class_list":["post-25173","post","type-post","status-publish","format-standard","has-post-thumbnail","hentry","category-actual"],"_links":{"self":[{"href":"https:\/\/247stiri.ro\/index.php\/wp-json\/wp\/v2\/posts\/25173","targetHints":{"allow":["GET"]}}],"collection":[{"href":"https:\/\/247stiri.ro\/index.php\/wp-json\/wp\/v2\/posts"}],"about":[{"href":"https:\/\/247stiri.ro\/index.php\/wp-json\/wp\/v2\/types\/post"}],"replies":[{"embeddable":true,"href":"https:\/\/247stiri.ro\/index.php\/wp-json\/wp\/v2\/comments?post=25173"}],"version-history":[{"count":0,"href":"https:\/\/247stiri.ro\/index.php\/wp-json\/wp\/v2\/posts\/25173\/revisions"}],"wp:featuredmedia":[{"embeddable":true,"href":"https:\/\/247stiri.ro\/index.php\/wp-json\/wp\/v2\/media\/25169"}],"wp:attachment":[{"href":"https:\/\/247stiri.ro\/index.php\/wp-json\/wp\/v2\/media?parent=25173"}],"wp:term":[{"taxonomy":"category","embeddable":true,"href":"https:\/\/247stiri.ro\/index.php\/wp-json\/wp\/v2\/categories?post=25173"},{"taxonomy":"post_tag","embeddable":true,"href":"https:\/\/247stiri.ro\/index.php\/wp-json\/wp\/v2\/tags?post=25173"}],"curies":[{"name":"wp","href":"https:\/\/api.w.org\/{rel}","templated":true}]}}