{"id":25194,"date":"2025-01-18T08:45:00","date_gmt":"2025-01-18T08:45:00","guid":{"rendered":"https:\/\/247stiri.ro\/index.php\/2025\/01\/18\/protest-masiv-organizat-de-aur-in-toate-judetele-si-la-ambasadele-din-strainatate-simion-iesim-pasnic-si-disciplinati-pentru-a-cere-dreptate\/"},"modified":"2025-01-18T08:45:00","modified_gmt":"2025-01-18T08:45:00","slug":"protest-masiv-organizat-de-aur-in-toate-judetele-si-la-ambasadele-din-strainatate-simion-iesim-pasnic-si-disciplinati-pentru-a-cere-dreptate","status":"publish","type":"post","link":"https:\/\/247stiri.ro\/index.php\/2025\/01\/18\/protest-masiv-organizat-de-aur-in-toate-judetele-si-la-ambasadele-din-strainatate-simion-iesim-pasnic-si-disciplinati-pentru-a-cere-dreptate\/","title":{"rendered":"Protest masiv organizat de AUR \u00een toate jude\u021bele \u0219i la ambasadele din str\u0103in\u0103tate. Simion: \u201eIe\u0219im pa\u0219nic \u0219i disciplina\u021bi pentru a cere dreptate\u201d"},"content":{"rendered":"<p>George Simion a subliniat importan\u021ba solidarit\u0103\u021bii \u0219i unit\u0103\u021bii \u00een cadrul protestului \u00eempotriva anul\u0103rii alegerilor preziden\u021biale: \u201eS\u00e2mb\u0103t\u0103, 18 ianuarie, la ora 14:00, ie\u0219im din nou \u00een strad\u0103, \u00een fa\u021ba prefecturilor din toate jude\u021bele \u021b\u0103rii \u0219i \u00een fa\u021ba ambasadelor din diaspora. Ne organiz\u0103m pa\u0219nic, disciplinat \u0219i unit. Suntem mul\u021bi \u0219i suntem hot\u0103r\u00e2\u021bi, dar nu le vom da ocazia s\u0103 ne discrediteze\u201d.<\/p>\n<p>Simion a insistat asupra respect\u0103rii regulilor \u0219i evit\u0103rii oric\u0103ror incidente care ar putea compromite scopul manifesta\u021biei. \u201eNu r\u0103spundem la provoc\u0103ri! Sistemul ar da orice s\u0103 ne poat\u0103 acuza de violen\u021b\u0103 \u0219i s\u0103 deturneze protestul. Nu le facem jocul! Suntem pa\u0219nici, dar fermi!\u201d, a ad\u0103ugat liderul AUR.<\/p>\n<p>\u201eSteagurile tricolore sunt simbolul nostru! Veni\u021bi cu steagul Rom\u00e2niei, nu cu alte simboluri! Acest protest este pentru Rom\u00e2nia \u0219i pentru rom\u00e2ni\u201d, sunt regulile pentru protest, spune George Simion.<\/p>\n<p>\u00a0<\/p>","protected":false},"excerpt":{"rendered":"<p>George Simion a subliniat importan\u021ba solidarit\u0103\u021bii \u0219i unit\u0103\u021bii \u00een cadrul protestului \u00eempotriva anul\u0103rii alegerilor preziden\u021biale:&hellip;<\/p>\n","protected":false},"author":0,"featured_media":25195,"comment_status":"open","ping_status":"open","sticky":false,"template":"","format":"standard","meta":{"footnotes":""},"categories":[2],"tags":[],"class_list":["post-25194","post","type-post","status-publish","format-standard","has-post-thumbnail","hentry","category-actual"],"_links":{"self":[{"href":"https:\/\/247stiri.ro\/index.php\/wp-json\/wp\/v2\/posts\/25194","targetHints":{"allow":["GET"]}}],"collection":[{"href":"https:\/\/247stiri.ro\/index.php\/wp-json\/wp\/v2\/posts"}],"about":[{"href":"https:\/\/247stiri.ro\/index.php\/wp-json\/wp\/v2\/types\/post"}],"replies":[{"embeddable":true,"href":"https:\/\/247stiri.ro\/index.php\/wp-json\/wp\/v2\/comments?post=25194"}],"version-history":[{"count":0,"href":"https:\/\/247stiri.ro\/index.php\/wp-json\/wp\/v2\/posts\/25194\/revisions"}],"wp:featuredmedia":[{"embeddable":true,"href":"https:\/\/247stiri.ro\/index.php\/wp-json\/wp\/v2\/media\/25195"}],"wp:attachment":[{"href":"https:\/\/247stiri.ro\/index.php\/wp-json\/wp\/v2\/media?parent=25194"}],"wp:term":[{"taxonomy":"category","embeddable":true,"href":"https:\/\/247stiri.ro\/index.php\/wp-json\/wp\/v2\/categories?post=25194"},{"taxonomy":"post_tag","embeddable":true,"href":"https:\/\/247stiri.ro\/index.php\/wp-json\/wp\/v2\/tags?post=25194"}],"curies":[{"name":"wp","href":"https:\/\/api.w.org\/{rel}","templated":true}]}}