{"id":25209,"date":"2025-01-18T09:45:15","date_gmt":"2025-01-18T09:45:15","guid":{"rendered":"https:\/\/247stiri.ro\/index.php\/2025\/01\/18\/partidele-pro-si-contra-iohannis-suveranistii-vor-sa-l-trimita-acasa-pe-presedintele-ilegitim\/"},"modified":"2025-01-18T09:45:15","modified_gmt":"2025-01-18T09:45:15","slug":"partidele-pro-si-contra-iohannis-suveranistii-vor-sa-l-trimita-acasa-pe-presedintele-ilegitim","status":"publish","type":"post","link":"https:\/\/247stiri.ro\/index.php\/2025\/01\/18\/partidele-pro-si-contra-iohannis-suveranistii-vor-sa-l-trimita-acasa-pe-presedintele-ilegitim\/","title":{"rendered":"Partidele pro \u0219i contra Iohannis. Suverani\u0219tii vor s\u0103-l trimit\u0103 acas\u0103 pe pre\u0219edintele ilegitim"},"content":{"rendered":"<p>161 de parlamentari au semnat pentru suspendarea lui Klaus Iohannis.\u00a0Este vorba despre to\u021bi parlamentarii AUR, POT \u0219i 39 din partea partidului SOS Rom\u00e2nia.\u00a0De cealalt\u0103 parte, Partidul Na\u021bional Liberal nu a semnat \u0219i, mai mult, \u00een ultima \u0219edin\u021b\u0103 intern\u0103,\u00a0doi membri au propus ca liberalii s\u0103-i cear\u0103 lui Klaus Iohannis demisia,\u00a0\u00eens\u0103 ceilal\u021bi membri din partid \u00een frunte cu Ilie Bolojan s-au opus vehement acestei propuneri.<\/p>\n<p>\u00a0<\/p>\n<p>Nici Partidul Social-Democrat nu s-a al\u0103turat acestui demers \u0219i surse din r\u00e2ndul social-democra\u021bilor\u00a0spun faptul c\u0103 ace\u0219tia consider\u0103 demersul acesta un demers pur politic\u00a0\u0219i unul care, \u00een opinia lor, nu va avea succes.\u00a0De asemenea, nici cei din USR nu au semnat aceast\u0103 ini\u021biativ\u0103,\u00a0de\u0219i, \u00een ultima perioad\u0103, l-au numit pe Klaus Iohannis \u00een repetate r\u00e2nduri,\u00a0un chiria\u0219 ilegitim la Cotroceni.\u00a0<\/p>\n<p>De asemenea, celor care nu s-au al\u0103turat acestui demers,\u00a0li se adaug\u0103 \u0219i parlamentarii din UDMR \u0219i cei ai Grupului Minorit\u0103\u021bilor Na\u021bionale.<\/p>\n<p>\u00a0\u00a0<\/p>","protected":false},"excerpt":{"rendered":"<p>161 de parlamentari au semnat pentru suspendarea lui Klaus Iohannis.\u00a0Este vorba despre to\u021bi parlamentarii AUR,&hellip;<\/p>\n","protected":false},"author":0,"featured_media":25207,"comment_status":"open","ping_status":"open","sticky":false,"template":"","format":"standard","meta":{"footnotes":""},"categories":[2],"tags":[],"class_list":["post-25209","post","type-post","status-publish","format-standard","has-post-thumbnail","hentry","category-actual"],"_links":{"self":[{"href":"https:\/\/247stiri.ro\/index.php\/wp-json\/wp\/v2\/posts\/25209","targetHints":{"allow":["GET"]}}],"collection":[{"href":"https:\/\/247stiri.ro\/index.php\/wp-json\/wp\/v2\/posts"}],"about":[{"href":"https:\/\/247stiri.ro\/index.php\/wp-json\/wp\/v2\/types\/post"}],"replies":[{"embeddable":true,"href":"https:\/\/247stiri.ro\/index.php\/wp-json\/wp\/v2\/comments?post=25209"}],"version-history":[{"count":0,"href":"https:\/\/247stiri.ro\/index.php\/wp-json\/wp\/v2\/posts\/25209\/revisions"}],"wp:featuredmedia":[{"embeddable":true,"href":"https:\/\/247stiri.ro\/index.php\/wp-json\/wp\/v2\/media\/25207"}],"wp:attachment":[{"href":"https:\/\/247stiri.ro\/index.php\/wp-json\/wp\/v2\/media?parent=25209"}],"wp:term":[{"taxonomy":"category","embeddable":true,"href":"https:\/\/247stiri.ro\/index.php\/wp-json\/wp\/v2\/categories?post=25209"},{"taxonomy":"post_tag","embeddable":true,"href":"https:\/\/247stiri.ro\/index.php\/wp-json\/wp\/v2\/tags?post=25209"}],"curies":[{"name":"wp","href":"https:\/\/api.w.org\/{rel}","templated":true}]}}