{"id":25241,"date":"2025-01-18T11:44:50","date_gmt":"2025-01-18T11:44:50","guid":{"rendered":"https:\/\/247stiri.ro\/index.php\/2025\/01\/18\/politistii-si-personalul-contractual-in-strada-protestul-impotriva-ordonantei-trenulet-aduce-primele-rezultate\/"},"modified":"2025-01-18T11:44:50","modified_gmt":"2025-01-18T11:44:50","slug":"politistii-si-personalul-contractual-in-strada-protestul-impotriva-ordonantei-trenulet-aduce-primele-rezultate","status":"publish","type":"post","link":"https:\/\/247stiri.ro\/index.php\/2025\/01\/18\/politistii-si-personalul-contractual-in-strada-protestul-impotriva-ordonantei-trenulet-aduce-primele-rezultate\/","title":{"rendered":"Poli\u021bi\u0219tii \u0219i personalul contractual, \u00een strad\u0103: Protestul \u00eempotriva Ordonan\u021bei \u201etrenule\u021b\u201d aduce primele rezultate"},"content":{"rendered":"<p>Ca urmare a presiunii exercitate de sindicali\u0219ti, Guvernul a anun\u021bat c\u0103 va face o excep\u021bie pentru angaja\u021bii din domeniul ordinii publice. Astfel, ace\u0219tia vor beneficia de plata suplimentar\u0103 pentru orele lucrate \u00een zilele de s\u00e2mb\u0103t\u0103 \u0219i duminic\u0103. Decizia este v\u0103zut\u0103 de protestatari ca un prim pas important spre dialog \u0219i o recunoa\u0219tere a eforturilor depuse de ace\u0219ti angaja\u021bi.<\/p>\n<p>\u201ePoli\u021bi\u0219tii \u0219i personalul contractual au ie\u0219it \u00een strad\u0103, protest\u00e2nd \u00eempotriva prevederilor Ordonan\u021bei \u201etrenule\u021b\u201d.<\/p>\n<p>Mobilizarea masiva a sindicali\u0219tilor, din 17 ianuarie a dus un prim rezultat imediat, Guvernul a anun\u021bat c\u0103 va face o excep\u021bie pentru angaja\u021bii din ordine public\u0103, accept\u00e2nd s\u0103 pl\u0103teasc\u0103 suplimentar pentru munca desf\u0103\u0219urat\u0103 \u00een zilele de s\u00e2mb\u0103t\u0103 \u0219i duminic\u0103.<\/p>\n<p>Aceast\u0103 reactie a decidentilor reprezint\u0103 un prim pas c\u0103tre dialog \u0219i recunoa\u0219terea eforturilor depuse de angaja\u021bii din domeniul ordinii publice\u201d, a transmis Cartel Alfa.<\/p>","protected":false},"excerpt":{"rendered":"<p>Ca urmare a presiunii exercitate de sindicali\u0219ti, Guvernul a anun\u021bat c\u0103 va face o excep\u021bie&hellip;<\/p>\n","protected":false},"author":0,"featured_media":25242,"comment_status":"open","ping_status":"open","sticky":false,"template":"","format":"standard","meta":{"footnotes":""},"categories":[2],"tags":[],"class_list":["post-25241","post","type-post","status-publish","format-standard","has-post-thumbnail","hentry","category-actual"],"_links":{"self":[{"href":"https:\/\/247stiri.ro\/index.php\/wp-json\/wp\/v2\/posts\/25241","targetHints":{"allow":["GET"]}}],"collection":[{"href":"https:\/\/247stiri.ro\/index.php\/wp-json\/wp\/v2\/posts"}],"about":[{"href":"https:\/\/247stiri.ro\/index.php\/wp-json\/wp\/v2\/types\/post"}],"replies":[{"embeddable":true,"href":"https:\/\/247stiri.ro\/index.php\/wp-json\/wp\/v2\/comments?post=25241"}],"version-history":[{"count":0,"href":"https:\/\/247stiri.ro\/index.php\/wp-json\/wp\/v2\/posts\/25241\/revisions"}],"wp:featuredmedia":[{"embeddable":true,"href":"https:\/\/247stiri.ro\/index.php\/wp-json\/wp\/v2\/media\/25242"}],"wp:attachment":[{"href":"https:\/\/247stiri.ro\/index.php\/wp-json\/wp\/v2\/media?parent=25241"}],"wp:term":[{"taxonomy":"category","embeddable":true,"href":"https:\/\/247stiri.ro\/index.php\/wp-json\/wp\/v2\/categories?post=25241"},{"taxonomy":"post_tag","embeddable":true,"href":"https:\/\/247stiri.ro\/index.php\/wp-json\/wp\/v2\/tags?post=25241"}],"curies":[{"name":"wp","href":"https:\/\/api.w.org\/{rel}","templated":true}]}}