{"id":25260,"date":"2025-01-18T12:45:01","date_gmt":"2025-01-18T12:45:01","guid":{"rendered":"https:\/\/247stiri.ro\/index.php\/2025\/01\/18\/traian-basescu-alegerile-prezidentiale-o-garantie-a-unui-nou-esec-al-vesnicei-si-toxicei-aliante-psd-pnl\/"},"modified":"2025-01-18T12:45:01","modified_gmt":"2025-01-18T12:45:01","slug":"traian-basescu-alegerile-prezidentiale-o-garantie-a-unui-nou-esec-al-vesnicei-si-toxicei-aliante-psd-pnl","status":"publish","type":"post","link":"https:\/\/247stiri.ro\/index.php\/2025\/01\/18\/traian-basescu-alegerile-prezidentiale-o-garantie-a-unui-nou-esec-al-vesnicei-si-toxicei-aliante-psd-pnl\/","title":{"rendered":"Traian B\u0103sescu: \u201eAlegerile preziden\u0163iale, o garan\u0163ie a unui nou e\u015fec al ve\u015fnicei \u015fi toxicei alian\u0163e PSD \u2013 PNL\u201d"},"content":{"rendered":"<p>Fostul pre\u0219edinte al Rom\u00e2niei a scris pe contul personal de Facebook c\u0103 \u201eDac\u0103 al\u0103turi de Crin \u0219i Victor Viorel va veni \u0219i Marcel pe trotinet\u0103 sau cu o oal\u0103 cu sarmale \u00een cap, copiii \u00ee\u0219i vor reg\u0103si toate personajele comice pe Tik-Tok\u201d. Traian B\u0103sescu a precizat la final c\u0103 postarea este strict pentru persoanele care \u00eel urm\u0103resc pe re\u021beaua de socializare.\u00a0<\/p>\n<p>\u201ePu\u0163in\u0103 veselie \u00een weekend!<\/p>\n<p>Alegerile preziden\u0163iale av\u00e2ndu-i pe fo\u015ftii lideri USL \u00een rol de candida\u0163i, nu sunt altceva dec\u00e2t o garan\u0163ie a unui nou e\u015fec al ve\u015fnicei \u015fi toxicei alian\u0163e PSD \u2013 PNL.<\/p>\n<p>Dac\u0103 al\u0103turi de Crin \u015fi Victor Viorel va veni \u015fi Marcel pe trotinet\u0103 sau cu o oal\u0103 cu sarmale pe cap, copiii \u00ee\u015fi vor reg\u0103si toate personajele comice de pe tik-tok.<\/p>\n<p>Dac\u0103 ar veni \u015fi Mircea&#8230;<\/p>\n<p>PS \u2013 Mesajul este adresat strict celor 477 K urm\u0103ritori ai post\u0103rilor mele\u201d, a scris Traian B\u0103sescu pe Facebook.<\/p>","protected":false},"excerpt":{"rendered":"<p>Fostul pre\u0219edinte al Rom\u00e2niei a scris pe contul personal de Facebook c\u0103 \u201eDac\u0103 al\u0103turi de&hellip;<\/p>\n","protected":false},"author":0,"featured_media":25254,"comment_status":"open","ping_status":"open","sticky":false,"template":"","format":"standard","meta":{"footnotes":""},"categories":[2],"tags":[],"class_list":["post-25260","post","type-post","status-publish","format-standard","has-post-thumbnail","hentry","category-actual"],"_links":{"self":[{"href":"https:\/\/247stiri.ro\/index.php\/wp-json\/wp\/v2\/posts\/25260","targetHints":{"allow":["GET"]}}],"collection":[{"href":"https:\/\/247stiri.ro\/index.php\/wp-json\/wp\/v2\/posts"}],"about":[{"href":"https:\/\/247stiri.ro\/index.php\/wp-json\/wp\/v2\/types\/post"}],"replies":[{"embeddable":true,"href":"https:\/\/247stiri.ro\/index.php\/wp-json\/wp\/v2\/comments?post=25260"}],"version-history":[{"count":0,"href":"https:\/\/247stiri.ro\/index.php\/wp-json\/wp\/v2\/posts\/25260\/revisions"}],"wp:featuredmedia":[{"embeddable":true,"href":"https:\/\/247stiri.ro\/index.php\/wp-json\/wp\/v2\/media\/25254"}],"wp:attachment":[{"href":"https:\/\/247stiri.ro\/index.php\/wp-json\/wp\/v2\/media?parent=25260"}],"wp:term":[{"taxonomy":"category","embeddable":true,"href":"https:\/\/247stiri.ro\/index.php\/wp-json\/wp\/v2\/categories?post=25260"},{"taxonomy":"post_tag","embeddable":true,"href":"https:\/\/247stiri.ro\/index.php\/wp-json\/wp\/v2\/tags?post=25260"}],"curies":[{"name":"wp","href":"https:\/\/api.w.org\/{rel}","templated":true}]}}