{"id":25282,"date":"2025-01-18T14:44:47","date_gmt":"2025-01-18T14:44:47","guid":{"rendered":"https:\/\/247stiri.ro\/index.php\/2025\/01\/18\/iarna-isi-intra-in-drepturi-anm-a-emis-cod-galben-de-polei-in-ce-judet-trebuie-sa-fie-atenti-soferii\/"},"modified":"2025-01-18T14:44:47","modified_gmt":"2025-01-18T14:44:47","slug":"iarna-isi-intra-in-drepturi-anm-a-emis-cod-galben-de-polei-in-ce-judet-trebuie-sa-fie-atenti-soferii","status":"publish","type":"post","link":"https:\/\/247stiri.ro\/index.php\/2025\/01\/18\/iarna-isi-intra-in-drepturi-anm-a-emis-cod-galben-de-polei-in-ce-judet-trebuie-sa-fie-atenti-soferii\/","title":{"rendered":"Iarna \u00ee\u0219i intr\u0103 \u00een drepturi. ANM a emis COD GALBEN de POLEI. \u00cen ce jude\u021b trebuie s\u0103 fie aten\u021bi \u0219oferii"},"content":{"rendered":"<p>Astfel, p\u00e2n\u0103 la ora 17:00, \u00een jude\u021bul avertizat, \u00eendeosebi la Moldova Nou\u0103, Oravi\u021ba, Anina, B\u0103ile Herculane, Bozovici, Pojejena, Berzasca, Prigor, Tople\u021b, Sichevi\u021ba, R\u0103c\u0103\u0219dia, Gr\u0103dinari, Sasca Montan\u0103, L\u0103pu\u0219nicu Mare, B\u0103nia, Dalbo\u0219e\u021b, Coronini, Eftimie Murgu, Ciclova Rom\u00e2n\u0103, G\u00e2rnic, L\u0103pu\u0219nicel, \u0218opotu Nou, V\u0103r\u0103dia, Socol, Berli\u0219te, C\u0103rbunari, Naid\u0103\u0219, Vrani \u0219i Ciuchici, se va semnala burni\u021b\u0103, fenomen care va conduce la depuneri de poleiAvertiz\u0103rile de fenomene periculoase imediate (nowcasting) se emit pentru o perioad\u0103 de maximum \u0219ase ore, precizeaz\u0103 ANM.\u00a0<\/p>\n<p><a title=\"Prognoza meteo pe o luna: temperaturile o iau razna. ANM anunta o luna atipica - cum va fi vremea pana pe 17 februarie \" href=\"https:\/\/www.realitatea.net\/stiri\/vremea\/prognoza-meteo-pe-o-luna-temperaturile-o-iau-razna-anm-anunta-o-luna-atipica-cum-va-fi-vremea-pana-pe-17-februarie_678a100cf518941d85658942\">Prognoza meteo pe o lun\u0103: temperaturile o iau razna. ANM anun\u021b\u0103 o lun\u0103 atipic\u0103 &#8211; cum va fi vremea p\u00e2n\u0103 pe 17 februarie<\/a><\/p>","protected":false},"excerpt":{"rendered":"<p>Astfel, p\u00e2n\u0103 la ora 17:00, \u00een jude\u021bul avertizat, \u00eendeosebi la Moldova Nou\u0103, Oravi\u021ba, Anina, B\u0103ile&hellip;<\/p>\n","protected":false},"author":0,"featured_media":25283,"comment_status":"open","ping_status":"open","sticky":false,"template":"","format":"standard","meta":{"footnotes":""},"categories":[2],"tags":[],"class_list":["post-25282","post","type-post","status-publish","format-standard","has-post-thumbnail","hentry","category-actual"],"_links":{"self":[{"href":"https:\/\/247stiri.ro\/index.php\/wp-json\/wp\/v2\/posts\/25282","targetHints":{"allow":["GET"]}}],"collection":[{"href":"https:\/\/247stiri.ro\/index.php\/wp-json\/wp\/v2\/posts"}],"about":[{"href":"https:\/\/247stiri.ro\/index.php\/wp-json\/wp\/v2\/types\/post"}],"replies":[{"embeddable":true,"href":"https:\/\/247stiri.ro\/index.php\/wp-json\/wp\/v2\/comments?post=25282"}],"version-history":[{"count":0,"href":"https:\/\/247stiri.ro\/index.php\/wp-json\/wp\/v2\/posts\/25282\/revisions"}],"wp:featuredmedia":[{"embeddable":true,"href":"https:\/\/247stiri.ro\/index.php\/wp-json\/wp\/v2\/media\/25283"}],"wp:attachment":[{"href":"https:\/\/247stiri.ro\/index.php\/wp-json\/wp\/v2\/media?parent=25282"}],"wp:term":[{"taxonomy":"category","embeddable":true,"href":"https:\/\/247stiri.ro\/index.php\/wp-json\/wp\/v2\/categories?post=25282"},{"taxonomy":"post_tag","embeddable":true,"href":"https:\/\/247stiri.ro\/index.php\/wp-json\/wp\/v2\/tags?post=25282"}],"curies":[{"name":"wp","href":"https:\/\/api.w.org\/{rel}","templated":true}]}}