{"id":25293,"date":"2025-01-18T15:45:17","date_gmt":"2025-01-18T15:45:17","guid":{"rendered":"https:\/\/247stiri.ro\/index.php\/2025\/01\/18\/extrema-dreapta-din-austria-vrea-reducerea-la-zero-a-aprobarilor-pentru-cererile-de-azil\/"},"modified":"2025-01-18T15:45:17","modified_gmt":"2025-01-18T15:45:17","slug":"extrema-dreapta-din-austria-vrea-reducerea-la-zero-a-aprobarilor-pentru-cererile-de-azil","status":"publish","type":"post","link":"https:\/\/247stiri.ro\/index.php\/2025\/01\/18\/extrema-dreapta-din-austria-vrea-reducerea-la-zero-a-aprobarilor-pentru-cererile-de-azil\/","title":{"rendered":"Extrema dreapt\u0103 din Austria vrea reducerea la &#8221;zero&#8221; a aprob\u0103rilor pentru cererile de azil"},"content":{"rendered":"<p>Partidul Libert\u0103\u021bii din Austria (FPO), care a c\u00e2\u0219tigat pentru prima oar\u0103 alegerile legislative de la sf\u00e2r\u0219itul lunii septembrie, negociaz\u0103 \u00een prezent cu conservatorii pentru a forma un guvern \u0219i a ob\u021bine cancelaria \u00een premier\u0103.&#8221;Vom construi Austria noastr\u0103 ca o fort\u0103rea\u021b\u0103 cu cereri de azil respinse, avize de expulzare \u0219i zboruri charter&#8221; pentru migran\u021bi, a declarat \u0219eful FPO \u00een fa\u021ba unei mul\u021bimi la Vosendorf (Austria Inferioar\u0103).&#8221;Dup\u0103 p\u0103rerea noastr\u0103, azilul \u00eenseamn\u0103 protec\u021bie foarte aproape de regiunea \u00een criz\u0103&#8221; \u0219i nu &#8222;migra\u021bie deghizat\u0103 a persoanelor, bilet de intrare \u00een sistemul social \u0219i acces la cet\u0103\u021benie&#8221;, a ad\u0103ugat el.Estim\u00e2nd c\u0103 num\u0103rul cererilor de azil depuse \u00een ultimii ani este &#8222;prea ridicat&#8221;, el a apreciat c\u0103 \u0219i \u00een acest domeniu Austria are &#8222;nevoie de un zero, ca \u0219i la deficitul zero&#8221;.<\/p>\n<p><a title=\"Ministerul de Interne: Programul Visa Waiver nu este numai un program de facilitare a calatoriilor ci si unul de securitate\" href=\"https:\/\/www.realitatea.net\/stiri\/actual\/ministerul-de-interne-programul-visa-waiver-nu-este-numai-un-program-de-facilitare-a-calatoriilor-ci-si-unul-de-securitate_67818abf3d8efb58af689412\">Ministerul de Interne: Programul Visa Waiver nu este numai un program de facilitare a c\u0103l\u0103toriilor ci \u015fi unul de securitate<\/a>\u00cen acela\u0219i discurs, Herbert Kickl a reluat temele &#8222;\u00eendr\u0103gite&#8221; ale ultraconservatorilor precum familia tradi\u021bional\u0103, pled\u00e2nd pentru o &#8222;revenire la dou\u0103 sexe&#8221;, &#8222;familiile noastre&#8221; fiind &#8222;compuse din mam\u0103, tat\u0103 \u0219i copii&#8221;, scrie Agerpres.Austria a deschis pentru to\u021bi dreptul la mariaj \u0219i la adop\u021bie \u00een 2019.Compar\u00e2nd Uniunea European\u0103 care desf\u0103\u0219oar\u0103 un &#8222;comunism climatic&#8221; cu &#8222;URSS \u0219i marile sale planific\u0103ri&#8221;, el a adus un omagiu genera\u021biei de dup\u0103 r\u0103zboi care a reconstruit Austria &#8222;aflat\u0103 \u00een cea mai mare mizerie&#8221;.Herber Kickl estimeaz\u0103 c\u0103 genera\u021bia sa are obliga\u021bia s\u0103 transmit\u0103 celei urm\u0103toare &#8222;prosperitatea&#8221; pentru care ea a &#8222;muncit dur&#8221;.\u00a0<\/p>\n<p><a title='Ancheta in Germania dupa ce partidul de extrema dreapta AfD a distribuit pliante asemanatoare biletelor de avion, adresate ,,imigrantilor ilegali\"' href=\"https:\/\/www.realitatea.net\/stiri\/extern\/ancheta-in-germania-dupa-ce-partidul-de-extrema-dreapta-afd-a-distribuit-pliante-asemanatoare-biletelor-de-avion-adresate-imigrantilor-ilegali_6786d72b9d176b2fd62650d2\">Anchet\u0103 \u00een Germania dup\u0103 ce partidul de extrem\u0103 dreapta AfD a distribuit pliante asem\u0103n\u0103toare biletelor de avion, adresate \u201eimigran\u021bilor ilegali\u201d<\/a><\/p>","protected":false},"excerpt":{"rendered":"<p>Partidul Libert\u0103\u021bii din Austria (FPO), care a c\u00e2\u0219tigat pentru prima oar\u0103 alegerile legislative de la&hellip;<\/p>\n","protected":false},"author":0,"featured_media":25292,"comment_status":"open","ping_status":"open","sticky":false,"template":"","format":"standard","meta":{"footnotes":""},"categories":[2],"tags":[],"class_list":["post-25293","post","type-post","status-publish","format-standard","has-post-thumbnail","hentry","category-actual"],"_links":{"self":[{"href":"https:\/\/247stiri.ro\/index.php\/wp-json\/wp\/v2\/posts\/25293","targetHints":{"allow":["GET"]}}],"collection":[{"href":"https:\/\/247stiri.ro\/index.php\/wp-json\/wp\/v2\/posts"}],"about":[{"href":"https:\/\/247stiri.ro\/index.php\/wp-json\/wp\/v2\/types\/post"}],"replies":[{"embeddable":true,"href":"https:\/\/247stiri.ro\/index.php\/wp-json\/wp\/v2\/comments?post=25293"}],"version-history":[{"count":0,"href":"https:\/\/247stiri.ro\/index.php\/wp-json\/wp\/v2\/posts\/25293\/revisions"}],"wp:featuredmedia":[{"embeddable":true,"href":"https:\/\/247stiri.ro\/index.php\/wp-json\/wp\/v2\/media\/25292"}],"wp:attachment":[{"href":"https:\/\/247stiri.ro\/index.php\/wp-json\/wp\/v2\/media?parent=25293"}],"wp:term":[{"taxonomy":"category","embeddable":true,"href":"https:\/\/247stiri.ro\/index.php\/wp-json\/wp\/v2\/categories?post=25293"},{"taxonomy":"post_tag","embeddable":true,"href":"https:\/\/247stiri.ro\/index.php\/wp-json\/wp\/v2\/tags?post=25293"}],"curies":[{"name":"wp","href":"https:\/\/api.w.org\/{rel}","templated":true}]}}