{"id":25297,"date":"2025-01-18T15:45:18","date_gmt":"2025-01-18T15:45:18","guid":{"rendered":"https:\/\/247stiri.ro\/index.php\/2025\/01\/18\/soferul-drogat-vlad-pascu-a-scris-o-scrisoare-de-12-pagini-in-care-isi-acuza-parintii-pentru-problemele-sale\/"},"modified":"2025-01-18T15:45:18","modified_gmt":"2025-01-18T15:45:18","slug":"soferul-drogat-vlad-pascu-a-scris-o-scrisoare-de-12-pagini-in-care-isi-acuza-parintii-pentru-problemele-sale","status":"publish","type":"post","link":"https:\/\/247stiri.ro\/index.php\/2025\/01\/18\/soferul-drogat-vlad-pascu-a-scris-o-scrisoare-de-12-pagini-in-care-isi-acuza-parintii-pentru-problemele-sale\/","title":{"rendered":"\u0218oferul drogat Vlad Pascu a scris o scrisoare de 12 pagini, \u00een care \u00ee\u0219i acuz\u0103 p\u0103rin\u021bii pentru problemele sale"},"content":{"rendered":"<p>Acesta \u00ee\u0219i descrie parcursul vie\u021bii, eviden\u021biind influen\u021ba negativ\u0103 a p\u0103rin\u021bilor s\u0103i \u0219i atrac\u021bia c\u0103tre \u201eanturaje toxice\u201d care l-au \u00eendep\u0103rtat de valorile s\u0103n\u0103toase. De asemenea, el reflecteaz\u0103 asupra serii fatidice care a precedat accidentul, \u00eemp\u0103rt\u0103\u0219ind emo\u021biile \u0219i remu\u0219c\u0103rile sale \u00een momentul \u00een care a realizat impactul devastator al ac\u021biunilor sale.<\/p>\n<p>Pascu a fost adus la instan\u021b\u0103 cu o dub\u0103 de la penitenciar, unde a predat scrisoarea instan\u021bei. Procurorii au solicitat pedeapsa maxim\u0103 de 10 ani de \u00eenchisoare, iar sentin\u021ba urmeaz\u0103 a fi pronun\u021bat\u0103 \u00een cur\u00e2nd, pe 31 ianuarie.<\/p>\n<p>\u00cen scrisoarea sa, Pascu m\u0103rturise\u0219te c\u0103 certurile dintre p\u0103rin\u021bi \u0219i absen\u021ba lor frecvent\u0103 l-au afectat profund. L\u0103sat singur s\u0103pt\u0103m\u00e2ni \u00een \u0219ir, dar cu resurse financiare nelimitate, el s-a refugiat \u00een cercuri toxice, spune el:<\/p>\n<p>\u201eCine sunt eu? M\u0103 numesc Pascu Matei Vlad, m-am n\u0103scut \u0219i sunt originar din Bucure\u0219ti. P\u00e2n\u0103 la v\u00e2rsta de 5 ani am fost crescut de bunici \u00een t\u00e2rgovi\u0219te, apoi m-am \u00eentors \u00een ora\u0219ul meu natal, Bucure\u0219ti, pentru a \u00eencepe \u0219coala (&#8230;)\u201d<\/p>\n<p>\u201e\u0218coala primar\u0103 a decurs destul de greu, deorece acas\u0103 eram martor a disputelor de dinaintea divor\u021bului, iar la \u0219coal\u0103 elev model, ceea ce m-a f\u0103cut s\u0103 port un fel de masc\u0103 \u00een spa\u021biul public pentru a ascunde suferin\u021ba mea, deoarece divor\u021bul alor mei a implicat conflicte deschise, poli\u021bie, protec\u021bia copilului.<\/p>\n\n<p>Ajung\u00e2nd s\u0103 stau chiar o zi \u00eentr-un centru de plasament, \u00een ciuda averii p\u0103rin\u021bilor de ordinul sutelor de mii de euro. Ceea ce a implicat ;i mai mult conflict ]n partajarea averii la care eu m-am sim\u021bit folosit\u201d,\u00a0scrie Vlad Pascu.\u00a0<\/p>\n<p>\u00cen aceea\u0219i scrisoare Pascu spune c\u0103 era un elev bun, c\u0103 a intrat al doilea la liceu, dar din cauza situa\u021biei din familie a apucat pe drumuri gre\u0219ite.\u00a0<\/p>\n<p><a title=\" SENTINTA in cazul tragediei de la 2 Mai, pe 31 ianuarie! Procurorii cer 10 ani si jumatate de inchisoare pentru Vlad Pascu!\" href=\"https:\/\/www.realitatea.net\/stiri\/actual\/vlad-pascu-siar-putea-afla-astazi-sentinta-in-cazul-tragediei-de-la-2-mai-beizadeaua-drogata-in-boxa-acuzatilor_678a09b55c9cb21ca374e982\">SENTIN\u021aA \u00een cazul tragediei de la 2 Mai, pe 31 ianuarie! Procurorii cer 10 ani \u0219i jum\u0103tate de \u00eenchisoare pentru Vlad Pascu!<\/a><\/p>\n<p>Pascu descrie cum a ajuns s\u0103 fie disperat pentru validare, c\u0103ut\u00e2nd s\u0103 ob\u021bin\u0103 acceptare prin intermediul exceselor expuse pe re\u021belele sociale.<\/p>\n<p>\u201e\u0218i a\u0219a am c\u0103zut prad\u0103 unui anturaj ce urmeaz\u0103 tiparul stereotipic \u00een care este cool s\u0103 te etalezi \u0219i s\u0103 faci anumite extravagan\u021be \u0219i bine\u00een\u021beles \u00eenso\u021bite de prezen\u021ba lor pe re\u021belele sociale, eu c\u0103ut\u00e2nd, de fapt, \u00een alt\u0103 parte validarea de care aveam nevoie\u201d.<\/p>\n\n<p>\u201eDrogurile, \u00een ziua de azi, sunt mai accesibile dec\u00e2t b\u0103utura, la care \u021bi se cere cartea de identitate pentru a demonstra c\u0103 e\u0219ti major\u201d, mai scrie Pascu.<\/p>\n<p>Despre seara \u00een care s-a produs accidentul, el poveste\u0219te c\u0103 \u0219i-a petrecut timpul consum\u00e2nd substan\u021be al\u0103turi de prieteni.<\/p>\n<p>\u00cen ceea ce prive\u0219te accidentul, spune c\u0103 nicio secund\u0103 nu s-a g\u00e2ndit c\u0103 a lovit un om. \u00a0\u201eNu am crezut c\u0103 am lovit o persoan\u0103 p\u00e2n\u0103 nu am v\u0103zut imaginile cu cei deceda\u021bi\u201d, a spus el.<\/p>\n<p>\u201eDatorit\u0103 unei post\u0103ri pe re\u021belele socioale am aflat de onomastica unei prietene ce avea cazare in localitatea Vama Veche. Am decis s\u0103 m\u0103 deplasez cu ma\u0219ina p\u00e2n\u0103 acolo.<\/p>\n<p>Dup\u0103 ce ne-am plimbat cu Merecedesul, \u00eentr-adev\u0103r am dep\u0103\u0219it de c\u00e2teva ori limita legal\u0103, am ajuns la cazare unde am prizat \u00eempreun\u0103 cu ei de pe o farfurie ceva ce mi s-a zis ca este \u201eceva bun(&#8230;) M-am sim\u021bit ame\u021bit vreo 20-25 de minute, astea \u00eent\u00e2mpl\u00e2ndu-se la ora 23.30-00.00\u201d.<\/p>\n<p><a title='Halucinant. Vlad Pascu, criminalul de la 2 Mai, atacuri la adresa presei: ,,Acuzatii ridicole. Este de neimaginat ce s-a intamplat in mass-media\"' href=\"https:\/\/www.realitatea.net\/stiri\/actual\/halucinant-vlad-pascu-criminalul-de-la-2-mai-acuza-presa-in-instanta-acuzatii-ridicole-este-de-neimaginat-ce-sa-intamplat-in-massmedia_678a4e07fa129d404e4e8b4a\">Halucinant. Vlad Pascu, criminalul de la 2 Mai, atacuri la adresa presei: \u201eAcuza\u021bii ridicole. Este de neimaginat ce s-a \u00eent\u00e2mplat \u00een mass-media\u201d<\/a><\/p>","protected":false},"excerpt":{"rendered":"<p>Acesta \u00ee\u0219i descrie parcursul vie\u021bii, eviden\u021biind influen\u021ba negativ\u0103 a p\u0103rin\u021bilor s\u0103i \u0219i atrac\u021bia c\u0103tre \u201eanturaje&hellip;<\/p>\n","protected":false},"author":0,"featured_media":25298,"comment_status":"open","ping_status":"open","sticky":false,"template":"","format":"standard","meta":{"footnotes":""},"categories":[2],"tags":[],"class_list":["post-25297","post","type-post","status-publish","format-standard","has-post-thumbnail","hentry","category-actual"],"_links":{"self":[{"href":"https:\/\/247stiri.ro\/index.php\/wp-json\/wp\/v2\/posts\/25297","targetHints":{"allow":["GET"]}}],"collection":[{"href":"https:\/\/247stiri.ro\/index.php\/wp-json\/wp\/v2\/posts"}],"about":[{"href":"https:\/\/247stiri.ro\/index.php\/wp-json\/wp\/v2\/types\/post"}],"replies":[{"embeddable":true,"href":"https:\/\/247stiri.ro\/index.php\/wp-json\/wp\/v2\/comments?post=25297"}],"version-history":[{"count":0,"href":"https:\/\/247stiri.ro\/index.php\/wp-json\/wp\/v2\/posts\/25297\/revisions"}],"wp:featuredmedia":[{"embeddable":true,"href":"https:\/\/247stiri.ro\/index.php\/wp-json\/wp\/v2\/media\/25298"}],"wp:attachment":[{"href":"https:\/\/247stiri.ro\/index.php\/wp-json\/wp\/v2\/media?parent=25297"}],"wp:term":[{"taxonomy":"category","embeddable":true,"href":"https:\/\/247stiri.ro\/index.php\/wp-json\/wp\/v2\/categories?post=25297"},{"taxonomy":"post_tag","embeddable":true,"href":"https:\/\/247stiri.ro\/index.php\/wp-json\/wp\/v2\/tags?post=25297"}],"curies":[{"name":"wp","href":"https:\/\/api.w.org\/{rel}","templated":true}]}}