{"id":25306,"date":"2025-01-18T17:44:57","date_gmt":"2025-01-18T17:44:57","guid":{"rendered":"https:\/\/247stiri.ro\/index.php\/2025\/01\/18\/accident-in-municipiul-piatra-neamt-o-autospeciala-neinscriptionata-a-politiei-a-intrat-in-coliziune-cu-un-autoturism\/"},"modified":"2025-01-18T17:44:57","modified_gmt":"2025-01-18T17:44:57","slug":"accident-in-municipiul-piatra-neamt-o-autospeciala-neinscriptionata-a-politiei-a-intrat-in-coliziune-cu-un-autoturism","status":"publish","type":"post","link":"https:\/\/247stiri.ro\/index.php\/2025\/01\/18\/accident-in-municipiul-piatra-neamt-o-autospeciala-neinscriptionata-a-politiei-a-intrat-in-coliziune-cu-un-autoturism\/","title":{"rendered":"Accident \u00een municipiul Piatra Neam\u021b. O autospecial\u0103 neinscrip\u021bionat\u0103 a Poli\u021biei a intrat \u00een coliziune cu un autoturism"},"content":{"rendered":"<p>\u00cen urma accidentului, a doua ma\u0219in\u0103 s-a r\u0103sturnat pe cupol\u0103, iar \u0219oferi\u021ba a fost r\u0103nit\u0103.&#8221;\u00cen urma verific\u0103rilor efectuate s-a stabilit faptul c\u0103, \u00een timp ce un b\u0103rbat \u00een v\u00e2rst\u0103 33 de ani conducea o autospecial\u0103 de poli\u021bie neinscrip\u021bionat\u0103, la p\u0103trunderea pe bulevardul General Nicolae D\u0103sc\u0103lescu din municipiul Piatra-Neam\u021b, ar fi intrat \u00een coliziune cu un autoturism condus de o femeie \u00een v\u00e2rst\u0103 de 38 de ani, din aceea\u0219i localitate. \u00cen urma evenimentului rutier a rezultat r\u0103nirea femeii, care a fost transportat\u0103 la o unitate medical\u0103, \u00een vederea acord\u0103rii de \u00eengrijiri medicale&#8221;, a declarat purt\u0103torul de cuv\u00e2nt al IPJ Neam\u021b, agentul principal Andreea Atomei.Potrivit primelor cercet\u0103ri, vinovat de producerea accidentului este \u0219oferul autospecialei care nu ar fi acordat prioritate celeilalte ma\u0219ini, scrie Agerpres.Ambii conduc\u0103tori auto au fost testa\u021bi alcoolscopic, rezultatele fiind negative.Poli\u021bi\u0219tii continu\u0103 cercet\u0103rile pentru s\u0103v\u00e2r\u0219irea infrac\u021biunii de v\u0103t\u0103mare corporal\u0103 din culp\u0103.\u00a0<\/p>\n<p><a title=\"Soferul drogat Vlad Pascu a scris o scrisoare de 12 pagini, in care isi acuza parintii pentru problemele sale\" href=\"https:\/\/www.realitatea.net\/stiri\/actual\/soferul-drogat-vlad-pascu-a-scris-o-scrisoare-de-12-pagini-in-care-isi-acuza-parintii-pentru-problemele-sale_678bbccf2c23b31cfc487762\">\u0218oferul drogat Vlad Pascu a scris o scrisoare de 12 pagini, \u00een care \u00ee\u0219i acuz\u0103 p\u0103rin\u021bii pentru problemele sale<\/a><\/p>","protected":false},"excerpt":{"rendered":"<p>\u00cen urma accidentului, a doua ma\u0219in\u0103 s-a r\u0103sturnat pe cupol\u0103, iar \u0219oferi\u021ba a fost r\u0103nit\u0103.&#8221;\u00cen&hellip;<\/p>\n","protected":false},"author":0,"featured_media":25307,"comment_status":"open","ping_status":"open","sticky":false,"template":"","format":"standard","meta":{"footnotes":""},"categories":[2],"tags":[],"class_list":["post-25306","post","type-post","status-publish","format-standard","has-post-thumbnail","hentry","category-actual"],"_links":{"self":[{"href":"https:\/\/247stiri.ro\/index.php\/wp-json\/wp\/v2\/posts\/25306","targetHints":{"allow":["GET"]}}],"collection":[{"href":"https:\/\/247stiri.ro\/index.php\/wp-json\/wp\/v2\/posts"}],"about":[{"href":"https:\/\/247stiri.ro\/index.php\/wp-json\/wp\/v2\/types\/post"}],"replies":[{"embeddable":true,"href":"https:\/\/247stiri.ro\/index.php\/wp-json\/wp\/v2\/comments?post=25306"}],"version-history":[{"count":0,"href":"https:\/\/247stiri.ro\/index.php\/wp-json\/wp\/v2\/posts\/25306\/revisions"}],"wp:featuredmedia":[{"embeddable":true,"href":"https:\/\/247stiri.ro\/index.php\/wp-json\/wp\/v2\/media\/25307"}],"wp:attachment":[{"href":"https:\/\/247stiri.ro\/index.php\/wp-json\/wp\/v2\/media?parent=25306"}],"wp:term":[{"taxonomy":"category","embeddable":true,"href":"https:\/\/247stiri.ro\/index.php\/wp-json\/wp\/v2\/categories?post=25306"},{"taxonomy":"post_tag","embeddable":true,"href":"https:\/\/247stiri.ro\/index.php\/wp-json\/wp\/v2\/tags?post=25306"}],"curies":[{"name":"wp","href":"https:\/\/api.w.org\/{rel}","templated":true}]}}