{"id":25317,"date":"2025-01-18T18:45:18","date_gmt":"2025-01-18T18:45:18","guid":{"rendered":"https:\/\/247stiri.ro\/index.php\/2025\/01\/18\/toni-grebla-da-explicatii-la-realitatea-plus-cum-se-va-desfasura-de-fapt-votul-in-diaspora-la-alegerile-prezidentiale\/"},"modified":"2025-01-18T18:45:18","modified_gmt":"2025-01-18T18:45:18","slug":"toni-grebla-da-explicatii-la-realitatea-plus-cum-se-va-desfasura-de-fapt-votul-in-diaspora-la-alegerile-prezidentiale","status":"publish","type":"post","link":"https:\/\/247stiri.ro\/index.php\/2025\/01\/18\/toni-grebla-da-explicatii-la-realitatea-plus-cum-se-va-desfasura-de-fapt-votul-in-diaspora-la-alegerile-prezidentiale\/","title":{"rendered":"Toni Grebl\u0103 d\u0103 explica\u021bii la Realitatea Plus. Cum se va desf\u0103\u0219ura, de fapt, votul \u00een diaspora la alegerile preziden\u021biale"},"content":{"rendered":"<p>Una dintre principalele teme abordate de Grebl\u0103 a fost modificarea orei de \u00eenchidere a urnelor pentru aleg\u0103torii rom\u00e2ni din str\u0103in\u0103tate. De\u0219i s-a speculat c\u0103 propunerea a venit din partea AEP, Grebl\u0103 a clarificat c\u0103 ini\u021biativa a avut la baz\u0103 nemul\u021bumirile exprimate de competitorii politici. Ace\u0219tia au semnalat c\u0103, dup\u0103 ora 21:00 (ora Rom\u00e2niei), au ap\u0103rut situa\u021bii \u00een care anumite campanii politice au \u00eencercat s\u0103 influen\u021beze votul aleg\u0103torilor din diaspora prin apeluri publice, ceea ce a generat controverse:<\/p>\n<p>Realitatea Plus: Intelegem de la purtatorul de cuvant al guvernului ca de fapt propunerea de schimbare a orei pentru diaspora a venit din partea dumneavoastra. Care a fost resortul pentru care urnele se vor inchide la ora 21?<\/p>\n<p>Toni Grebl\u0103: Nu a venit din partea Autoritatii Electorale Permanente aceasta propunere. Discutia a pornit de la competitorii politici, care unii dintre ei au fost nemultumiti de faptul ca, dupa ora 21.00, ora Romaniei, cand au inceput sa apara exit-pollurile, alti competitori politici au facut apel prin diverse mijloace la cei care inca mai votau in diaspora sa voteze pentru un anume competitor politic, si de aici a inceput toata discutia. S-a decis ca alegerile sa se inchida toate la ora 21 ora Romaniei. Dar as vrea pentru numai un minut sa explic cum stau lucrurile acum.<\/p>\n<p><a title=\"Este oficial: Data alegerilor pentru presedintele Romaniei a fost publicata in Monitorul Oficial\" href=\"https:\/\/www.realitatea.net\/stiri\/actual\/este-oficial-data-alegerilor-pentru-presedintele-romaniei-a-fost-publicata-in-monitorul-oficial_678970a80d993c56214f069e\">Este oficial: Data alegerilor pentru pre\u0219edintele Rom\u00e2niei a fost publicat\u0103 \u00een Monitorul Oficial<\/a><\/p>\n<p>In diaspora, cetatenii romani vor vota incepand cu ora 7, ora locala a fiecarei sectii de votare, de vineri, pana la ora 21 ora locala a fiecarei sectii de votare. Sambata vor vota din nou, vor avea posibilitatea sa voteze de la ora 7 dimineata, ora locala\u00a0 fiecarei sectii de votare, pana la ora 21.<\/p>\n<p>Duminica vor avea posibilitatea sa voteze de la ora 7 dimineata, ora locala a fiecarei sectii de votare, pana la ora 21 ora locala a Romaniei, asta inseamna ca o serie de tari care sunt dupa fusul orar al Romaniei, vor vota cu o diminuare de o ora sau doua in Europa si de mai multe ore in Statele Unite si Canada. Drept urmare in Europa, votarea se va inchide la ora 22, respectiv la ora 23, in loc de ora 24 daca sunt cetateni inca la coada ca sa voteze in ziua\u00a0 de duminica, iar in Statele Unite de la ora 14 pana la ora 16 dupa amiaza, ora locala a sectiilor de votare respective.<\/p>\n<p>In plus, s-au adaugat 5 ore in ziua de vineri, deci in loc sa inceapa votarea la ora 12 ora locala a sectiei de votare, votarea va incepe la ora 7 ora locala, repet, a fiecarei sectii de votare.<\/p>\n<p>Drept urmare, in SUA si Canada sunt sectii putine. Vreau sa va spun de asemenea o cifra: 26.000 de cetateni au votat in 24 noiembrie la primul tur dupa ora locala 21 ora Romaniei in ziua de duminica. Din cei 800 si vreo 40 de mii de alegatori, asta inseamna 0,4% din alegatorii cetateni romani cu domiciliul sau resedinta in strainatate<\/p>\n<p><a title=\"OUG privind alegerile prezidentiale din mai 2025 a fost publicata in Monitorul Oficial. Ce aspecte controversate se regasesc in actul normativ\" href=\"https:\/\/www.realitatea.net\/stiri\/actual\/oug-privind-alegerile-prezidentiale-din-mai-2025-a-fost-publicata-in-monitorul-oficial-ce-aspecte-controversate-se-regasesc-in-actul-normativ_678ac9daa24b2e0c18639654\">OUG privind alegerile preziden\u021biale din mai 2025 a fost publicat\u0103 \u00een Monitorul Oficial. Ce aspecte controversate se reg\u0103sesc \u00een actul normativ<\/a><\/p>","protected":false},"excerpt":{"rendered":"<p>Una dintre principalele teme abordate de Grebl\u0103 a fost modificarea orei de \u00eenchidere a urnelor&hellip;<\/p>\n","protected":false},"author":0,"featured_media":25318,"comment_status":"open","ping_status":"open","sticky":false,"template":"","format":"standard","meta":{"footnotes":""},"categories":[2],"tags":[],"class_list":["post-25317","post","type-post","status-publish","format-standard","has-post-thumbnail","hentry","category-actual"],"_links":{"self":[{"href":"https:\/\/247stiri.ro\/index.php\/wp-json\/wp\/v2\/posts\/25317","targetHints":{"allow":["GET"]}}],"collection":[{"href":"https:\/\/247stiri.ro\/index.php\/wp-json\/wp\/v2\/posts"}],"about":[{"href":"https:\/\/247stiri.ro\/index.php\/wp-json\/wp\/v2\/types\/post"}],"replies":[{"embeddable":true,"href":"https:\/\/247stiri.ro\/index.php\/wp-json\/wp\/v2\/comments?post=25317"}],"version-history":[{"count":0,"href":"https:\/\/247stiri.ro\/index.php\/wp-json\/wp\/v2\/posts\/25317\/revisions"}],"wp:featuredmedia":[{"embeddable":true,"href":"https:\/\/247stiri.ro\/index.php\/wp-json\/wp\/v2\/media\/25318"}],"wp:attachment":[{"href":"https:\/\/247stiri.ro\/index.php\/wp-json\/wp\/v2\/media?parent=25317"}],"wp:term":[{"taxonomy":"category","embeddable":true,"href":"https:\/\/247stiri.ro\/index.php\/wp-json\/wp\/v2\/categories?post=25317"},{"taxonomy":"post_tag","embeddable":true,"href":"https:\/\/247stiri.ro\/index.php\/wp-json\/wp\/v2\/tags?post=25317"}],"curies":[{"name":"wp","href":"https:\/\/api.w.org\/{rel}","templated":true}]}}