{"id":25337,"date":"2025-01-18T20:46:11","date_gmt":"2025-01-18T20:46:11","guid":{"rendered":"https:\/\/247stiri.ro\/index.php\/2025\/01\/18\/video-sicanare-in-trafic-ca-n-filme-in-timisoara-soferii-certareti-au-dat-cu-subsemnatul-la-politie\/"},"modified":"2025-01-18T20:46:11","modified_gmt":"2025-01-18T20:46:11","slug":"video-sicanare-in-trafic-ca-n-filme-in-timisoara-soferii-certareti-au-dat-cu-subsemnatul-la-politie","status":"publish","type":"post","link":"https:\/\/247stiri.ro\/index.php\/2025\/01\/18\/video-sicanare-in-trafic-ca-n-filme-in-timisoara-soferii-certareti-au-dat-cu-subsemnatul-la-politie\/","title":{"rendered":"VIDEO. \u0218icanare \u00een trafic ca-n filme, \u00een Timi\u0219oara. \u0218oferii cert\u0103re\u021bi au dat cu subsemnatul la poli\u021bie"},"content":{"rendered":"<p>Videoclipul cu cei doi \u0219oferi ambi\u021bio\u0219i a fost postat pe re\u021belele de socializare. \u00cen acesta, se observ\u0103 cum\u00a0 dou\u0103 ma\u0219ini efectueaz\u0103 manevre periculoase pe un bulevard din Timi\u0219oara \u0219i ajung la o adev\u0103rat\u0103 confruntare automobilistic\u0103. Dup\u0103 ce imaginile au devenit publice, poli\u021bia a reu\u0219it s\u0103-i identifice pe cei doi \u0219oferi agresivi. Ace\u0219tia au fost sanc\u021biona\u021bi cu amenzi de mii de lei, iar unul dintre ace\u0219tia s-a ales cu dosar penal.<\/p>\n<p>Incidentul a avut loc vineri, \u00een jurul orei 18:00, \u00een apropierea sensului giratoriu de pe bulevardul Antenei. Un SUV a t\u0103iat calea unei alte ma\u0219ini, iar \u0219oferul acesteia, furios, a decis s\u0103-i ofere o lec\u021bie celui din SUV, ajung\u00e2ndu-l din urm\u0103 \u0219i trag\u00e2nd brusc de volan pentru a-l bloca.<\/p>\n\n<p>\u0218oferul SUV-ului nu s-a l\u0103sat mai prejos \u0219i, imediat ce a reu\u0219it s\u0103 se mi\u0219te, a intrat inten\u021bionat \u00een cealalt\u0103 ma\u0219in\u0103.<\/p>\n<p>Conflictul nu s-a oprit aici, deoarece ambii b\u0103rba\u021bi \u2013 unul de 48 de ani \u0219i cel\u0103lalt de 35 de ani \u2013 au cobor\u00e2t din vehicule \u0219i s-au acuzat reciproc, schimb\u00e2ndu-\u0219i vorbe dure.<\/p>\n<p>La sosirea poli\u021bi\u0219tilor, ambii \u0219oferi au fost sanc\u021biona\u021bi cu amenzi de aproape 2.500 de lei. \u00cen plus, unuia dintre ei i-a fost suspendat permisul de conducere pentru o perioad\u0103 de trei luni \u0219i a fost deschis un dosar penal pentru distrugere.<\/p>\n<p>\u201e\u00cen urma unor imagini ap\u0103rute \u00een mediul online, la data de 17 ianuarie 2025, \u00een jurul orei 18:00, poli\u021bi\u0219tii din cadrul Biroului Rutier Timi\u0219oara s-au sesizat din oficiu cu privire la producerea unui accident rutier pe bulevardul Antenei din municipiul Timi\u0219oara.<\/p>\n<p><a title=\"Cum te poti alege cu permisul suspendat si dosar penal pentru un gest aparent banal. Patania unui sofer roman\" href=\"https:\/\/www.realitatea.net\/stiri\/actual\/cum-te-poti-alege-cu-permisul-suspendat-si-dosar-penal-pentru-un-gest-aparent-banal-patania-unui-sofer-roman_6789625cdb00682ce15ab5ef\">Cum te po\u021bi alege cu permisul suspendat \u0219i dosar penal pentru un gest aparent banal. P\u0103\u021bania unui \u0219ofer rom\u00e2n<\/a><\/p>\n<p>\u00cen urma verific\u0103rilor efectuate, au fost identifica\u021bi cei doi \u0219oferi implica\u021bi, respectiv un b\u0103rbat de 48 de ani \u0219i un b\u0103rbat de 35 de ani.<\/p>\n<p>B\u0103rbatul \u00een v\u00e2rst\u0103 de 48 de ani a fost sanc\u021bionat contraven\u021bional cu amend\u0103 de 2.430 de lei, fiindu-i re\u021binut permisul de conducere pentru o perioad\u0103 de 90 de zile, pentru neacordare de prioritate vehiculelor \u0219i conducere agresiv\u0103.<\/p>\n<p>Totodat\u0103, b\u0103rbatul de 35 de ani a fost sanc\u021bionat contraven\u021bional cu amend\u0103 de 2.430 de lei, fiindu-i re\u021binut permisul de conducere pentru 30 de zile, pentru conducere agresiv\u0103.<\/p>\n<p>Ambii \u0219oferi au fost testa\u021bi cu aparatul etilotest, rezultatele fiind negative.<\/p>\n<p>\u00cen cauz\u0103 a fost \u00eentocmit un dosar penal sub aspectul s\u0103v\u00e2r\u0219irii infrac\u021biunii de distrugere\u201d,\u00a0au transmis reprezentan\u0163ii IPJ Timi\u015f.<\/p>\n<p><a title=\"Accident in municipiul Piatra Neamt. O autospeciala neinscriptionata a Politiei a intrat in coliziune cu un autoturism\" href=\"https:\/\/www.realitatea.net\/stiri\/actual\/accident-in-municipiul-piatra-neamt-o-autospeciala-neinscriptionata-a-politiei-a-intrat-in-coliziune-cu-un-autoturism_678bda76f0eeae49274e8762\">Accident \u00een municipiul Piatra Neam\u021b. O autospecial\u0103 neinscrip\u021bionat\u0103 a Poli\u021biei a intrat \u00een coliziune cu un autoturism<\/a><\/p>","protected":false},"excerpt":{"rendered":"<p>Videoclipul cu cei doi \u0219oferi ambi\u021bio\u0219i a fost postat pe re\u021belele de socializare. \u00cen acesta,&hellip;<\/p>\n","protected":false},"author":0,"featured_media":25338,"comment_status":"open","ping_status":"open","sticky":false,"template":"","format":"standard","meta":{"footnotes":""},"categories":[2],"tags":[],"class_list":["post-25337","post","type-post","status-publish","format-standard","has-post-thumbnail","hentry","category-actual"],"_links":{"self":[{"href":"https:\/\/247stiri.ro\/index.php\/wp-json\/wp\/v2\/posts\/25337","targetHints":{"allow":["GET"]}}],"collection":[{"href":"https:\/\/247stiri.ro\/index.php\/wp-json\/wp\/v2\/posts"}],"about":[{"href":"https:\/\/247stiri.ro\/index.php\/wp-json\/wp\/v2\/types\/post"}],"replies":[{"embeddable":true,"href":"https:\/\/247stiri.ro\/index.php\/wp-json\/wp\/v2\/comments?post=25337"}],"version-history":[{"count":0,"href":"https:\/\/247stiri.ro\/index.php\/wp-json\/wp\/v2\/posts\/25337\/revisions"}],"wp:featuredmedia":[{"embeddable":true,"href":"https:\/\/247stiri.ro\/index.php\/wp-json\/wp\/v2\/media\/25338"}],"wp:attachment":[{"href":"https:\/\/247stiri.ro\/index.php\/wp-json\/wp\/v2\/media?parent=25337"}],"wp:term":[{"taxonomy":"category","embeddable":true,"href":"https:\/\/247stiri.ro\/index.php\/wp-json\/wp\/v2\/categories?post=25337"},{"taxonomy":"post_tag","embeddable":true,"href":"https:\/\/247stiri.ro\/index.php\/wp-json\/wp\/v2\/tags?post=25337"}],"curies":[{"name":"wp","href":"https:\/\/api.w.org\/{rel}","templated":true}]}}