{"id":25346,"date":"2025-01-18T21:45:04","date_gmt":"2025-01-18T21:45:04","guid":{"rendered":"https:\/\/247stiri.ro\/index.php\/2025\/01\/18\/accident-tragic-pe-dn1-un-tanar-a-murit-dupa-ce-s-a-rasturnat-cu-masina-salvatorii-au-intervenit-cu-echipele-de-descarcerare\/"},"modified":"2025-01-18T21:45:04","modified_gmt":"2025-01-18T21:45:04","slug":"accident-tragic-pe-dn1-un-tanar-a-murit-dupa-ce-s-a-rasturnat-cu-masina-salvatorii-au-intervenit-cu-echipele-de-descarcerare","status":"publish","type":"post","link":"https:\/\/247stiri.ro\/index.php\/2025\/01\/18\/accident-tragic-pe-dn1-un-tanar-a-murit-dupa-ce-s-a-rasturnat-cu-masina-salvatorii-au-intervenit-cu-echipele-de-descarcerare\/","title":{"rendered":"Accident tragic pe DN1. Un t\u00e2n\u0103r a murit, dup\u0103 ce s-a r\u0103sturnat cu ma\u0219ina. Salvatorii au intervenit cu echipele de descarcerare"},"content":{"rendered":"<p>Potrivit purt\u0103torului de cuv\u00e2nt al Inspectoratului pentru Situa\u021bii de Urgen\u021b\u0103 (ISU) Alba, Alex Cri\u0219an, Sec\u021bia de pompieri Aiud a intervenit pentru asigurarea m\u0103surilor specifice \u0219i descarcerare la un accident rutier produs pe DN 1, pe raza localit\u0103\u021bii Mir\u0103sl\u0103u. La locul accidentului au fost trimise dou\u0103 ambulan\u021be, un echipaj de prim ajutor \u0219i o autospecial\u0103 de stingere cu ap\u0103 \u0219i spum\u0103.Dup\u0103 ce for\u021bele de interven\u021bie au ajuns la locul producerii accidentului au constatat c\u0103 \u00een autoturismul implicat \u00een accident se aflau trei persoane, una fiind \u00eencarcerat\u0103 \u0219i \u00een stop cardio-respirator.<\/p>\n<p>&#8216;Din nefericire, persoana nu a r\u0103spuns manevrelor de resuscitare, fiind declarat decesul acesteia&#8217;, a transmis Alex Cri\u0219an. Purt\u0103torului de cuv\u00e2nt al ISU Alba, a men\u021bionat, pentru Agerpres, c\u0103 victima este un t\u00e2n\u0103r de 18 ani.Potrivit Poli\u021biei, t\u00e2n\u0103rul decedat era conduc\u0103torul autoturismului.Din primele date, \u0219oferul nu ar fi adaptat viteza la condi\u021biile de drum, iar ma\u0219ina s-ar fi r\u0103sturnat \u00een afara p\u0103r\u021bii carosabile, dup\u0103 care ar fi revenit, au precizat reprezentan\u021bii Poli\u021biei.\u00cen urma evenimentului, traficul rutier a fost blocat \u00een zon\u0103.<\/p>\n<p><a title=\"Accident in municipiul Piatra Neamt. O autospeciala neinscriptionata a Politiei a intrat in coliziune cu un autoturism\" href=\"https:\/\/www.realitatea.net\/stiri\/actual\/accident-in-municipiul-piatra-neamt-o-autospeciala-neinscriptionata-a-politiei-a-intrat-in-coliziune-cu-un-autoturism_678bda76f0eeae49274e8762\">Accident \u00een municipiul Piatra Neam\u021b. O autospecial\u0103 neinscrip\u021bionat\u0103 a Poli\u021biei a intrat \u00een coliziune cu un autoturism<\/a><\/p>","protected":false},"excerpt":{"rendered":"<p>Potrivit purt\u0103torului de cuv\u00e2nt al Inspectoratului pentru Situa\u021bii de Urgen\u021b\u0103 (ISU) Alba, Alex Cri\u0219an, Sec\u021bia&hellip;<\/p>\n","protected":false},"author":0,"featured_media":25347,"comment_status":"open","ping_status":"open","sticky":false,"template":"","format":"standard","meta":{"footnotes":""},"categories":[2],"tags":[],"class_list":["post-25346","post","type-post","status-publish","format-standard","has-post-thumbnail","hentry","category-actual"],"_links":{"self":[{"href":"https:\/\/247stiri.ro\/index.php\/wp-json\/wp\/v2\/posts\/25346","targetHints":{"allow":["GET"]}}],"collection":[{"href":"https:\/\/247stiri.ro\/index.php\/wp-json\/wp\/v2\/posts"}],"about":[{"href":"https:\/\/247stiri.ro\/index.php\/wp-json\/wp\/v2\/types\/post"}],"replies":[{"embeddable":true,"href":"https:\/\/247stiri.ro\/index.php\/wp-json\/wp\/v2\/comments?post=25346"}],"version-history":[{"count":0,"href":"https:\/\/247stiri.ro\/index.php\/wp-json\/wp\/v2\/posts\/25346\/revisions"}],"wp:featuredmedia":[{"embeddable":true,"href":"https:\/\/247stiri.ro\/index.php\/wp-json\/wp\/v2\/media\/25347"}],"wp:attachment":[{"href":"https:\/\/247stiri.ro\/index.php\/wp-json\/wp\/v2\/media?parent=25346"}],"wp:term":[{"taxonomy":"category","embeddable":true,"href":"https:\/\/247stiri.ro\/index.php\/wp-json\/wp\/v2\/categories?post=25346"},{"taxonomy":"post_tag","embeddable":true,"href":"https:\/\/247stiri.ro\/index.php\/wp-json\/wp\/v2\/tags?post=25346"}],"curies":[{"name":"wp","href":"https:\/\/api.w.org\/{rel}","templated":true}]}}