{"id":25372,"date":"2025-01-19T06:44:57","date_gmt":"2025-01-19T06:44:57","guid":{"rendered":"https:\/\/247stiri.ro\/index.php\/2025\/01\/19\/cainele-protestatar-patrupedul-si-a-strigat-oful-alaturi-de-ceilalti-manifestanti\/"},"modified":"2025-01-19T06:44:57","modified_gmt":"2025-01-19T06:44:57","slug":"cainele-protestatar-patrupedul-si-a-strigat-oful-alaturi-de-ceilalti-manifestanti","status":"publish","type":"post","link":"https:\/\/247stiri.ro\/index.php\/2025\/01\/19\/cainele-protestatar-patrupedul-si-a-strigat-oful-alaturi-de-ceilalti-manifestanti\/","title":{"rendered":"C\u00e2inele protestatar. Patrupedul \u0219i-a strigat oful al\u0103turi de ceilal\u021bi manifestan\u021bi"},"content":{"rendered":"<p>\u00centr-o lume \u00een care politicienii par s\u0103 aib\u0103 mai multe vie\u021bi dec\u00e2t pisicile, un erou cu patru labe a decis s\u0103 se al\u0103ture protestului \u00eempotriva anul\u0103rii alegerilor preziden\u021biale. Un c\u00e2ine, cu un talent \u00eenn\u0103scut pentru a face zgomot, a urcat pe podiumul improvizat al str\u0103zii, strig\u00e2ndu-\u0219i oful al\u0103turi de manifestan\u021bi. Cu o energie molipsitoare \u0219i o voce care ar fi f\u0103cut invidio\u0219i chiar \u0219i cei mai pasiona\u021bi c\u00e2nt\u0103re\u021bi de karaoke, patrupedul a reu\u0219it s\u0103 capteze aten\u021bia tuturor.<\/p>\n<p><a title=\"@vasilegeless\" href=\"https:\/\/www.tiktok.com\/@vasilegeless?refer=embed\" target=\"_blank\">@vasilegeless<\/a><\/p>\n<p>\u00a0<\/p>\n<p><a title=\"\u266c sunet original - vasilegeles\" href=\"https:\/\/www.tiktok.com\/music\/sunet-original-7461234101794786070?refer=embed\" target=\"_blank\">\u266c sunet original &#8211; vasilegeles<\/a><\/p>\n<p>Comentariile internau\u021bilor au variat de la amuzament la panic\u0103, mul\u021bi spun\u00e2nd c\u0103 sunetele c\u00e2inelui nu aduc nimic bun:<\/p>\n<p>\u201eOameni buni nu este de glum\u0103 se spune c\u0103 un c\u00e2ine c\u00e2nd urla cu capul \u00een sus se spune c\u0103 vede ceva\u201d<\/p>\n<p>\u201eDoamne, \u00eemi rupe sufletul pl\u00e2nsul lui!\u201d<\/p>\n<p>\u201eS\u0103 \u0219ti\u021bi c\u0103 dac\u0103 url\u0103 un c\u00e2ine preveste\u0219te o fapt\u0103 de suferin\u021b\u0103. La un vecin a urlat 1 zi \u0219i-o noapte \u0219i i-a murit so\u021bia a\u0219a c\u0103 nu arat\u0103 lucrurile bine\u201d<\/p>\n<p>\u201eC\u00e2inele \u0103la nu urla a bn\u201d<\/p>\n<p>\u201eA\u0219a se zice din b\u0103tr\u00e2ni ,c\u00e2nd url\u0103 un c\u00e2ine \u00eenseamn\u0103 c\u0103 e de r\u0103u, ave\u021bi grij\u0103 guvernan\u021bi c\u0103 \u0219i c\u00e2inele e \u00een asentimentul poporului.\u201d<\/p>\n<p>Pe de alt\u0103 parte, al\u021bi internau\u021bi au venit s\u0103 \u00eei lini\u0219teasc\u0103 pe cei care nu vedeau \u201eprotestele\u201d patrupedului cu ochi buni:<\/p>\n<p>\u201e\u00cel deranjeaza sunetul de goarne, ai mei fac asa c\u00e2nd aud salvarea\u201d<\/p>\n<p>\u201eNu este adev\u0103rat, c\u00e2ini cind aud sunete ,zgomote ,muzica la TV. etc.. asa fac (urla ) scot \u0219i ei zgomote , nu neap\u0103rat ca anunta ceva rau\u201d.<\/p>\n<p>Restul internau\u021bilor \u0219i-au exprimat simpatia fa\u021b\u0103 de micul protestatar:<\/p>\n<p>\u201eEl are cel mai concret si plauzibil punct de vedere\u201d<\/p>\n<p>\u201eIohanis auzi \u0219i c\u00e2inele tine cu poporul\u201d<\/p>\n<p>\u201eNici lui nu-i convine regimul\u201d<\/p>\n<p>\u201eNici c\u00e2inii nu mai suporta sistemul\u201d<\/p>\n<p><a title=\"Revolta ANULARII alegerilor a inceput in toata tara. Suveranistii lupta in strada pentru LIBERTATE! Live Video\" href=\"https:\/\/www.realitatea.net\/stiri\/actual\/protest-masiv-organizat-de-aur-in-toate-judetele-si-la-ambasadele-din-strainatate-simion-iesim-pasnic-si-disciplinati-pentru-a-cere-dreptate_678b615335d97622585e3272\">Revolta ANUL\u0102RII alegerilor a \u00eenceput \u00een toat\u0103 \u021bara. Suverani\u0219tii lupt\u0103 \u00een strad\u0103 pentru LIBERTATE! Live Video<\/a><\/p>","protected":false},"excerpt":{"rendered":"<p>\u00centr-o lume \u00een care politicienii par s\u0103 aib\u0103 mai multe vie\u021bi dec\u00e2t pisicile, un erou&hellip;<\/p>\n","protected":false},"author":0,"featured_media":25373,"comment_status":"open","ping_status":"open","sticky":false,"template":"","format":"standard","meta":{"footnotes":""},"categories":[2],"tags":[],"class_list":["post-25372","post","type-post","status-publish","format-standard","has-post-thumbnail","hentry","category-actual"],"_links":{"self":[{"href":"https:\/\/247stiri.ro\/index.php\/wp-json\/wp\/v2\/posts\/25372","targetHints":{"allow":["GET"]}}],"collection":[{"href":"https:\/\/247stiri.ro\/index.php\/wp-json\/wp\/v2\/posts"}],"about":[{"href":"https:\/\/247stiri.ro\/index.php\/wp-json\/wp\/v2\/types\/post"}],"replies":[{"embeddable":true,"href":"https:\/\/247stiri.ro\/index.php\/wp-json\/wp\/v2\/comments?post=25372"}],"version-history":[{"count":0,"href":"https:\/\/247stiri.ro\/index.php\/wp-json\/wp\/v2\/posts\/25372\/revisions"}],"wp:featuredmedia":[{"embeddable":true,"href":"https:\/\/247stiri.ro\/index.php\/wp-json\/wp\/v2\/media\/25373"}],"wp:attachment":[{"href":"https:\/\/247stiri.ro\/index.php\/wp-json\/wp\/v2\/media?parent=25372"}],"wp:term":[{"taxonomy":"category","embeddable":true,"href":"https:\/\/247stiri.ro\/index.php\/wp-json\/wp\/v2\/categories?post=25372"},{"taxonomy":"post_tag","embeddable":true,"href":"https:\/\/247stiri.ro\/index.php\/wp-json\/wp\/v2\/tags?post=25372"}],"curies":[{"name":"wp","href":"https:\/\/api.w.org\/{rel}","templated":true}]}}