{"id":25395,"date":"2025-01-19T07:44:53","date_gmt":"2025-01-19T07:44:53","guid":{"rendered":"https:\/\/247stiri.ro\/index.php\/2025\/01\/19\/victor-ponta-s-a-dus-in-statele-unite-sa-faca-pe-postasul-cum-se-catara-fostul-premier-pe-valul-suveranist-pentru-cotroceni\/"},"modified":"2025-01-19T07:44:53","modified_gmt":"2025-01-19T07:44:53","slug":"victor-ponta-s-a-dus-in-statele-unite-sa-faca-pe-postasul-cum-se-catara-fostul-premier-pe-valul-suveranist-pentru-cotroceni","status":"publish","type":"post","link":"https:\/\/247stiri.ro\/index.php\/2025\/01\/19\/victor-ponta-s-a-dus-in-statele-unite-sa-faca-pe-postasul-cum-se-catara-fostul-premier-pe-valul-suveranist-pentru-cotroceni\/","title":{"rendered":"Victor Ponta s-a dus \u00een Statele Unite s\u0103 fac\u0103 pe po\u0219ta\u0219ul. Cum se ca\u021b\u0103r\u0103 fostul premier pe valul suveranist pentru Cotroceni"},"content":{"rendered":"<p>Fostul premier caut\u0103 acum tot felul de tertipuri de a se c\u0103\u021b\u0103r\u0103 pe valul suveranist pentru a c\u00e2\u0219tiga simpatia rom\u00e2nilor. De altfel, postarea lui Victor Ponta, despre care se spune c\u0103 urmeaz\u0103 s\u0103 candideze la preziden\u021biale, a st\u00e2rnit un val de reac\u021bii dure din partea rom\u00e2nilor.\u00a0<\/p>\n<p>Chiar \u00een timpul protestelor uria\u0219e din \u021bar\u0103, Victor Ponta a postat pe pagina lui de socializare c\u0103 \u00ee\u0219i dore\u0219te o singur\u0103 surpriz\u0103 la alegerile preziden\u021biale din mai: ca rom\u00e2nii s\u0103 nu se mai trezeasc\u0103 \u201dcu un alt B\u0103sescu sau un alt Iohannis\u201d la Cotroceni. Fostul premier de la PSD sus\u021bine c\u0103 \u00een v\u00e2rful \u021b\u0103rii ar trebui s\u0103 ajung\u0103 cineva care \u00ee\u0219i iube\u0219te \u021bara, lucru pe care \u00eel afirm\u0103 inclusiv suverani\u0219tii \u0219i pre\u0219edintele ales, C\u0103lin Georgescu.<\/p>\n\n<p><a title='Marcel Ciolacu, ATAC la Victor Ponta in fata liderilor PSD! De ce l-a numit ,,adolescent\"' href=\"https:\/\/www.realitatea.net\/stiri\/actual\/marcel-ciolacu-atac-la-victor-ponta-in-fata-liderilor-psd-de-ce-ia-spus-adolescent_678a433f9871a821442372e2\">Marcel Ciolacu, ATAC la Victor Ponta \u00een fa\u021ba liderilor PSD! De ce l-a numit \u201eadolescent\u201d<\/a><\/p>\n<p>Ba mai mult, dup\u0103 postarea \u00een care le-a furat discursul suverani\u0219tilor, Victor Ponta le-a ar\u0103tat rom\u00e2nilor c\u0103 s-a dus \u00een Statele Unite pentru a-i l\u0103sa lui Donald Trump o scrisoare despre lovitura de stat din 6 decembrie, atunci c\u00e2nd Curtea Constitu\u021bional\u0103 a anulat alegerile preziden\u021biale. Un demers f\u0103r\u0103 precedent intentat de rom\u00e2nii care s-au s\u0103turat de politicienii vechi. F\u0103r\u0103 s\u0103 \u021bin\u0103 cont de faptul c\u0103 rom\u00e2nii nu mai vor candida\u021bi din partea sistemului, Ponta vrea acum s\u0103 candideze din nou la preziden\u021biale.<\/p>\n\n<p>De altfel, postarea lui Victor Ponta \u00een Statele Unite a st\u00e2rnit critici dure din partea rom\u00e2nilor. \u201dSper\u0103m s\u0103 afle c\u0103 \u0219i mesagerul se afl\u0103 de aceea\u0219i parte cu cei care au dat lovitura de stat din Rom\u00e2nia\u201d, a fost unul dintre comentariile la care Victor Ponta a r\u0103spuns. Social-democratul sus\u021bine, din nou, c\u0103 el este, de fapt, de partea rom\u00e2nilor.<\/p>\n<p>Un alt rom\u00e2n l-a numit \u201dpenibil \u0219i ridicol\u201d pe Victor Ponta, \u00een timp ce un altul \u00eel \u00eentreab\u0103 dac\u0103 are permisiunea lui Marcel Ciolacu pentru astfel de post\u0103ri. De asemenea, sunt rom\u00e2ni care \u00eel sf\u0103tuiesc pe deputatul PSD de D\u00e2mbovi\u021ba s\u0103 fac\u0103 un pas \u00een spate.\u00a0<\/p>\n<p><a title=\"Lovitura pentru Ponta: lista cu participantii la investirea lui Trump, limitata! Schimbari de ultim moment\" href=\"https:\/\/www.realitatea.net\/stiri\/actual\/lovitura-pentru-ponta-lista-cu-participantii-la-investirea-lui-trump-limitata-schimbari-de-ultim-moment_678b68420744404cf93fe997\">Lovitura pentru Ponta: lista cu participan\u021bii la \u00eenvestirea lui Trump, limitat\u0103! Schimb\u0103ri de ultim moment<\/a><\/p>","protected":false},"excerpt":{"rendered":"<p>Fostul premier caut\u0103 acum tot felul de tertipuri de a se c\u0103\u021b\u0103r\u0103 pe valul suveranist&hellip;<\/p>\n","protected":false},"author":0,"featured_media":25391,"comment_status":"open","ping_status":"open","sticky":false,"template":"","format":"standard","meta":{"footnotes":""},"categories":[2],"tags":[],"class_list":["post-25395","post","type-post","status-publish","format-standard","has-post-thumbnail","hentry","category-actual"],"_links":{"self":[{"href":"https:\/\/247stiri.ro\/index.php\/wp-json\/wp\/v2\/posts\/25395","targetHints":{"allow":["GET"]}}],"collection":[{"href":"https:\/\/247stiri.ro\/index.php\/wp-json\/wp\/v2\/posts"}],"about":[{"href":"https:\/\/247stiri.ro\/index.php\/wp-json\/wp\/v2\/types\/post"}],"replies":[{"embeddable":true,"href":"https:\/\/247stiri.ro\/index.php\/wp-json\/wp\/v2\/comments?post=25395"}],"version-history":[{"count":0,"href":"https:\/\/247stiri.ro\/index.php\/wp-json\/wp\/v2\/posts\/25395\/revisions"}],"wp:featuredmedia":[{"embeddable":true,"href":"https:\/\/247stiri.ro\/index.php\/wp-json\/wp\/v2\/media\/25391"}],"wp:attachment":[{"href":"https:\/\/247stiri.ro\/index.php\/wp-json\/wp\/v2\/media?parent=25395"}],"wp:term":[{"taxonomy":"category","embeddable":true,"href":"https:\/\/247stiri.ro\/index.php\/wp-json\/wp\/v2\/categories?post=25395"},{"taxonomy":"post_tag","embeddable":true,"href":"https:\/\/247stiri.ro\/index.php\/wp-json\/wp\/v2\/tags?post=25395"}],"curies":[{"name":"wp","href":"https:\/\/api.w.org\/{rel}","templated":true}]}}