{"id":25399,"date":"2025-01-19T07:44:54","date_gmt":"2025-01-19T07:44:54","guid":{"rendered":"https:\/\/247stiri.ro\/index.php\/2025\/01\/19\/tel-aviv-zguduit-de-un-atac-terorist-atacatorul-un-barbat-palestinian-a-fost-eliminat\/"},"modified":"2025-01-19T07:44:54","modified_gmt":"2025-01-19T07:44:54","slug":"tel-aviv-zguduit-de-un-atac-terorist-atacatorul-un-barbat-palestinian-a-fost-eliminat","status":"publish","type":"post","link":"https:\/\/247stiri.ro\/index.php\/2025\/01\/19\/tel-aviv-zguduit-de-un-atac-terorist-atacatorul-un-barbat-palestinian-a-fost-eliminat\/","title":{"rendered":"Tel Aviv, zguduit de un atac terorist. Atacatorul, un b\u0103rbat palestinian, a fost eliminat"},"content":{"rendered":"<p>Din primele informa\u021bii, teroristul era un rezident ilegal \u00een Israel, provenind din Cisiordania.<\/p>\n<p>Pe re\u021belele de socializare au ap\u0103rut imagini \u00een care se observ\u0103 cum teroristul palestinian atac\u0103 oameni la un restaurant de pe strada Levontin, \u00eenainte de a fi oprit.<\/p>\n<p>Poli\u021bia din Tel Aviv a anun\u021bat c\u0103 \u00eenjunghierea de pe strada Levontin a fost clasificat\u0103 drept un atac terorist. Victima, un b\u0103rbat \u00een v\u00e2rst\u0103 de 30 de ani, a fost transportat\u0103 \u00een stare grav\u0103 la Spitalul Ichilov.<\/p>\n<p>Teroristul a fost identificat ca fiind Salah Yahye, un palestinian de 19 ani din ora\u0219ul Tulkarem, situat \u00een Cisiordania. Potrivit unor surse din cadrul for\u021belor de ap\u0103rare israeliene, acesta se afla ilegal \u00een Israel.<\/p>\n<p><a title=\"Este oficial: Consiliul de ministri israelian se reuneste pentru a vota acordul de incetare a focului in Gaza \" href=\"https:\/\/www.realitatea.net\/stiri\/actual\/este-oficial-consiliul-de-ministri-israelian-se-reuneste-pentru-a-vota-acordul-de-incetare-a-focului-in-gaza_678ab326aa87895827301fc2\">Este oficial: Consiliul de mini\u0219tri israelian se reune\u0219te pentru a vota acordul de \u00eencetare a focului \u00een Gaza<\/a><\/p>\n<p>Medicii care au ajuns imediat la locul incidentului au raportat c\u0103 teroristul palestinian a fost \u00eempu\u0219cat mortal la fa\u021ba locului.<\/p>\n<p>Ancheta referitoare la atac este \u00een desf\u0103\u0219urare. Ini\u021bial, incidentul a fost considerat \u201eun incident cu \u00eempu\u0219c\u0103turi\u201d, posibil din cauza focurilor trase de un civil asupra teroristului.<\/p>\n\n<p>Un videoclip surprins de o camer\u0103 de supraveghere ilustreaz\u0103 cum teroristul palestinian a atacat un grup de persoane aflate pe trotuar, \u00een fa\u021ba unui restaurant din ora\u0219ul de pe \u021b\u0103rmul M\u0103rii Mediterane.<\/p>\n<p>Atacatorul poate fi observat \u00een \u00eenregistr\u0103rile video \u00een timp ce fugea de la locul incidentului, dup\u0103 care a fost \u00eempu\u0219cat.<\/p>\n<p>\u05d7\u05d5\u05e6\u05d4 \u05d0\u05ea \u05d4\u05db\u05d1\u05d9\u05e9 \u05d5\u05de\u05ea\u05e0\u05e4\u05dc \u05e2\u05dc \u05de\u05d1\u05dc\u05d9\u05dd \u05d1\u05de\u05e1\u05e2\u05d3\u05d4: \u05ea\u05d9\u05e2\u05d5\u05d3 \u05d4\u05e4\u05d9\u05d2\u05d5\u05e2 \u05d1\u05ea\u05dc \u05d0\u05d1\u05d9\u05d1<a href=\"https:\/\/twitter.com\/AnnaPines_?ref_src=twsrc%5Etfw\">@AnnaPines_<\/a> | <a href=\"https:\/\/twitter.com\/ItayBlumental?ref_src=twsrc%5Etfw\">@ItayBlumental<\/a> <a href=\"https:\/\/t.co\/qDAX7wVThS\">pic.twitter.com\/qDAX7wVThS<\/a><\/p>\n<p>\u2014 \u05db\u05d0\u05df \u05d7\u05d3\u05e9\u05d5\u05ea (@kann_news) <a href=\"https:\/\/twitter.com\/kann_news\/status\/1880653110529478695?ref_src=twsrc%5Etfw\">January 18, 2025<\/a><\/p>\n<p>Videoclipul de mai jos a fost blurat din motive de confiden\u021bialitate.<\/p>\n<p>O declara\u021bie din partea poli\u021biei men\u021bioneaz\u0103 c\u0103 se continu\u0103 investigarea circumstan\u021belor incidentului \u0219i c\u0103 un num\u0103r considerabil de ofi\u021beri se afl\u0103 la fa\u021ba locului, conform celor raportate de Times of Israel.<\/p>\n<p><a title=\"Dezvaluirea Iranului ce lasa lumea cu gura cascata: Intregi galerii subterane pline cu rachete si nave echipate cu mitraliere \" href=\"https:\/\/www.realitatea.net\/stiri\/actual\/dezvaluirea-iranului-ce-lasa-lumea-cu-gura-cascata-intregi-galerii-subterane-pline-cu-rachete-si-nave-echipate-cu-mitraliere_678c8b5c69d7174dc25e9642\">Dezv\u0103luirea Iranului ce las\u0103 lumea cu gura c\u0103scat\u0103: \u00centregi galerii subterane pline cu rachete \u0219i nave echipate cu mitraliere<\/a><\/p>","protected":false},"excerpt":{"rendered":"<p>Din primele informa\u021bii, teroristul era un rezident ilegal \u00een Israel, provenind din Cisiordania. Pe re\u021belele&hellip;<\/p>\n","protected":false},"author":0,"featured_media":25389,"comment_status":"open","ping_status":"open","sticky":false,"template":"","format":"standard","meta":{"footnotes":""},"categories":[2],"tags":[],"class_list":["post-25399","post","type-post","status-publish","format-standard","has-post-thumbnail","hentry","category-actual"],"_links":{"self":[{"href":"https:\/\/247stiri.ro\/index.php\/wp-json\/wp\/v2\/posts\/25399","targetHints":{"allow":["GET"]}}],"collection":[{"href":"https:\/\/247stiri.ro\/index.php\/wp-json\/wp\/v2\/posts"}],"about":[{"href":"https:\/\/247stiri.ro\/index.php\/wp-json\/wp\/v2\/types\/post"}],"replies":[{"embeddable":true,"href":"https:\/\/247stiri.ro\/index.php\/wp-json\/wp\/v2\/comments?post=25399"}],"version-history":[{"count":0,"href":"https:\/\/247stiri.ro\/index.php\/wp-json\/wp\/v2\/posts\/25399\/revisions"}],"wp:featuredmedia":[{"embeddable":true,"href":"https:\/\/247stiri.ro\/index.php\/wp-json\/wp\/v2\/media\/25389"}],"wp:attachment":[{"href":"https:\/\/247stiri.ro\/index.php\/wp-json\/wp\/v2\/media?parent=25399"}],"wp:term":[{"taxonomy":"category","embeddable":true,"href":"https:\/\/247stiri.ro\/index.php\/wp-json\/wp\/v2\/categories?post=25399"},{"taxonomy":"post_tag","embeddable":true,"href":"https:\/\/247stiri.ro\/index.php\/wp-json\/wp\/v2\/tags?post=25399"}],"curies":[{"name":"wp","href":"https:\/\/api.w.org\/{rel}","templated":true}]}}