{"id":25413,"date":"2025-01-19T08:44:52","date_gmt":"2025-01-19T08:44:52","guid":{"rendered":"https:\/\/247stiri.ro\/index.php\/2025\/01\/19\/george-simion-alaturi-de-giorgia-meloni-la-investirea-lui-donald-trump\/"},"modified":"2025-01-19T08:44:52","modified_gmt":"2025-01-19T08:44:52","slug":"george-simion-alaturi-de-giorgia-meloni-la-investirea-lui-donald-trump","status":"publish","type":"post","link":"https:\/\/247stiri.ro\/index.php\/2025\/01\/19\/george-simion-alaturi-de-giorgia-meloni-la-investirea-lui-donald-trump\/","title":{"rendered":"George Simion, al\u0103turi de Giorgia Meloni la \u00eenvestirea lui Donald Trump"},"content":{"rendered":"<p>Avem primele imagini cu delegatia AUR de la investirea presedintelui ales al SUA, Donald Trump.<\/p>\n<p>George Simion a ajuns la Washington pentru a asista la ceremonia de investire a presedintelui Donald Trump. Alaturi de el se afl\u0103 Mihail Neam\u021bu, un alt liderul al partidului.<\/p>\n<p>\u00cenainte de a pleca \u00een aceast\u0103 c\u0103l\u0103torie, George Simion a fost \u00eentrebat cum a fost posibil s\u0103 participe la aceasta ceremonie. Liderul AUR a precizat ca a fost invitat la acest eveniment, nu a platit pentru el, ci a fost invitat in calitate de vicepresedinte al grupului al Partidului Conservatorilor \u015fi Reformi\u015ftilor Europeni.<\/p>\n<p>\u00cen spa\u021biul public\u00a0 a aparut si prima imagine de la Washington:\u00a0<\/p>\n\n<p>Giorgia Meloni, premierul Italiei ar fi unul dintre membrii de seam\u0103 l\u00e2ng\u0103 care va sta \u0219i George Simion la \u00eenvestirea lui Donald Trump. Acolo vor fi prezen\u021bi \u0219i milionarii planetei: Mark Zuckerberg, Elon Musk sau Jeff Bezos.\u00a0<\/p>\n<p>Donald Trump depune luni jur\u0103m\u00e2ntul \u00een func\u021bia de pre\u0219edinte al Statelor Unite, \u00eencep\u00e2ndu-\u0219i astfel cel de-al doilea mandat \u00een aceast\u0103 func\u021bie \u00een ceea ce reprezint\u0103 una dintre cele mai uluitoare reveniri politice din istoria Americii.<\/p>\n<p><a title=\"Stare de alerta maxima la Washington: Pregatiri fara precedent pentru cea de-a doua investire a lui Donald Trump! PROGRAMUL\" href=\"https:\/\/www.realitatea.net\/stiri\/actual\/stare-de-alerta-maxima-la-washington-pregatiri-fara-precedent-pentru-cea-dea-doua-investire-a-lui-donald-trump_678b58c228adae777c34a892\">Stare de alert\u0103 maxim\u0103 la Washington: Preg\u0103tiri f\u0103r\u0103 precedent pentru cea de-a doua \u00eenvestire a lui Donald Trump! PROGRAMUL<\/a><\/p>","protected":false},"excerpt":{"rendered":"<p>Avem primele imagini cu delegatia AUR de la investirea presedintelui ales al SUA, Donald Trump.&hellip;<\/p>\n","protected":false},"author":0,"featured_media":25411,"comment_status":"open","ping_status":"open","sticky":false,"template":"","format":"standard","meta":{"footnotes":""},"categories":[2],"tags":[],"class_list":["post-25413","post","type-post","status-publish","format-standard","has-post-thumbnail","hentry","category-actual"],"_links":{"self":[{"href":"https:\/\/247stiri.ro\/index.php\/wp-json\/wp\/v2\/posts\/25413","targetHints":{"allow":["GET"]}}],"collection":[{"href":"https:\/\/247stiri.ro\/index.php\/wp-json\/wp\/v2\/posts"}],"about":[{"href":"https:\/\/247stiri.ro\/index.php\/wp-json\/wp\/v2\/types\/post"}],"replies":[{"embeddable":true,"href":"https:\/\/247stiri.ro\/index.php\/wp-json\/wp\/v2\/comments?post=25413"}],"version-history":[{"count":0,"href":"https:\/\/247stiri.ro\/index.php\/wp-json\/wp\/v2\/posts\/25413\/revisions"}],"wp:featuredmedia":[{"embeddable":true,"href":"https:\/\/247stiri.ro\/index.php\/wp-json\/wp\/v2\/media\/25411"}],"wp:attachment":[{"href":"https:\/\/247stiri.ro\/index.php\/wp-json\/wp\/v2\/media?parent=25413"}],"wp:term":[{"taxonomy":"category","embeddable":true,"href":"https:\/\/247stiri.ro\/index.php\/wp-json\/wp\/v2\/categories?post=25413"},{"taxonomy":"post_tag","embeddable":true,"href":"https:\/\/247stiri.ro\/index.php\/wp-json\/wp\/v2\/tags?post=25413"}],"curies":[{"name":"wp","href":"https:\/\/api.w.org\/{rel}","templated":true}]}}