{"id":25416,"date":"2025-01-19T08:44:52","date_gmt":"2025-01-19T08:44:52","guid":{"rendered":"https:\/\/247stiri.ro\/index.php\/2025\/01\/19\/scandal-in-tara-sefa-a-ue-germania-ar-vrea-sa-trimita-trupe-de-pace-in-ucraina-in-timp-ce-partidul-extremist-vrea-sa-ii-deporteze-pe-ucraineni\/"},"modified":"2025-01-19T08:44:52","modified_gmt":"2025-01-19T08:44:52","slug":"scandal-in-tara-sefa-a-ue-germania-ar-vrea-sa-trimita-trupe-de-pace-in-ucraina-in-timp-ce-partidul-extremist-vrea-sa-ii-deporteze-pe-ucraineni","status":"publish","type":"post","link":"https:\/\/247stiri.ro\/index.php\/2025\/01\/19\/scandal-in-tara-sefa-a-ue-germania-ar-vrea-sa-trimita-trupe-de-pace-in-ucraina-in-timp-ce-partidul-extremist-vrea-sa-ii-deporteze-pe-ucraineni\/","title":{"rendered":"Scandal \u00een \u021bara-\u0219ef\u0103 a UE: Germania ar vrea s\u0103 trimit\u0103 trupe de pace \u00een Ucraina \u00een timp ce partidul extremist vrea s\u0103 \u00eei deporteze pe ucraineni"},"content":{"rendered":"<p>De altfel, ministrul german al Ap\u0103r\u0103rii a pledat pentru cre\u0219terea bugetului ap\u0103r\u0103rii Germaniei de la 2 la sut\u0103 la 3 la sut\u0103.<\/p>\n<p>Boris Pistorius a afirmat vineri c\u0103 un buget militar de 2% din produsul intern brut (PIB) este insuficient \u0219i c\u0103 este nevoie de majorarea acestui buget la cel pu\u021bin 3% din PIB, \u00een special pentru a se putea men\u021bine gradul de modernizare al armatei germane.&#8221;Avioane, for\u021be terestre, tehnologii cibernetice &#8211; acestea sunt \u00eentreb\u0103rile care se pun acum&#8221;, a spus Pistorius \u00een timpul unei vizite la \u0219antierele ThyssenKrupp Marine Systems (TKMS) de la Wismar, unde sunt produse submarine.<\/p>\n<p>El a ad\u0103ugat c\u0103 cerin\u021bele NATO de la statele sale membre trebuie s\u0103 fie \u00eendeplinite \u00eentr-un anumit orizont de timp pentru a se atinge capacitatea deplin\u0103 de descurajare. \u201dAceasta este m\u0103sura spre care ar trebui s\u0103 ne orient\u0103m \u0219i atunci c\u00e2nd aceasta cost\u0103 3%, atunci cost\u0103 3% sau mai mult. Concentrarea este pe obiectiv&#8221;, a subliniat demnitarul german.Boris Pistorius a anun\u021bat c\u0103 Germania va trebui s\u0103-\u0219i suplimenteze semnificativ cheltuielile pentru ap\u0103rare pe termen mediu, \u00een contextul \u00een care fondul pentru modernizare militar\u0103 expir\u0103 \u00een 2028.<\/p>\n<p><a href=\"https:\/\/www.realitatea.net\/stiri\/actual\/angela-merkel-nul-vom-schimba-pe-donald-trump-dar-putem-reactiona-in-fata-lui-ce-spune-fostul-cancelar-german-despre-cheltuielile-pentru-nato_678c14066a5e74252a7a6262\" target=\"_blank\">Angela Merkel: &#8222;Nu-l vom schimba pe Donald Trump, dar putem reac\u021biona \u00een fa\u021ba lui&#8221;. Ce spune fostul cancelar german despre cheltuielile pentru NATO<\/a><\/p>\n<p>&#8222;Odat\u0103 ce acest fond se termin\u0103, vom avea nevoie de cel pu\u021bin 85 de miliarde de euro \u00eencep\u00e2nd din 2028. Aceasta \u00eenseamn\u0103 cu 30 de miliarde euro mai mult dec\u00e2t \u00een prezent&#8221;, a explicat ministrul german \u00eentr-un interviu pentru publica\u021bia S\u00fcddeutsche Zeitung.<\/p>\n<p>Demersul acestuia ar avea loc numai dac\u0103 \u00eenceteaz\u0103 r\u0103zboiul declan\u0219at de Rusia \u0219i doar pentru a asigura o zon\u0103 demilitarizat\u0103, dac\u0103 aceasta va fi creat\u0103, spun jurnali\u0219tii.<\/p>\n<p>Pe de alt\u0103 parte, partidul de extrem\u0103 dreapt\u0103 AfD a avansat propuneri radicale \u00een domeniul politicii de migra\u021biePartidul solicit\u0103 o \u201eremigrare cuprinz\u0103toare\u201d, care ar include deportarea a milioane de migran\u021bi, printre care \u0219i refugia\u021bi de r\u0103zboi ucraineni. \u00cen plus, AfD propune \u00eent\u0103rirea grani\u021belor, construirea de garduri \u0219i \u00eenchiderea majorit\u0103\u021bii moscheilor.\u00a0<\/p>\n<p>Pre\u0219edinta grupului parlamentar AfD din parlamentul landului Bavaria, Katrin Ebner-Steiner, a spus c\u0103 ar trebui s\u0103 fie deporta\u021bi to\u021bi migran\u021bii f\u0103r\u0103 drept de \u0219edere \u0219i cei care comit infrac\u021biuni. Ea a ad\u0103ugat c\u0103 inclusiv refugia\u021bii ucraineni, \u00een num\u0103r de aproximativ 1,2 milioane \u00een Germania, dintre care 200.000 \u00een Bavaria, ar trebui s\u0103 p\u0103r\u0103seasc\u0103 imediat \u021bara, sus\u021bin\u00e2nd c\u0103 Ucraina are \u201esuficiente regiuni unde ace\u0219tia se pot \u00eentoarce\u201d.\u00a0<\/p>\n<p><a title=\"Extrema dreapta din Austria vrea reducerea la \" href=\"https:\/\/www.realitatea.net\/stiri\/actual\/extrema-dreapta-din-austria-vrea-reducerea-la-zero-a-aprobarilor-pentru-cererile-de-azil_678bc7e6662d5518d55b1902\">Extrema dreapt\u0103 din Austria vrea reducerea la &#8222;zero&#8221; a aprob\u0103rilor pentru cererile de azil<\/a><\/p>","protected":false},"excerpt":{"rendered":"<p>De altfel, ministrul german al Ap\u0103r\u0103rii a pledat pentru cre\u0219terea bugetului ap\u0103r\u0103rii Germaniei de la&hellip;<\/p>\n","protected":false},"author":0,"featured_media":25409,"comment_status":"open","ping_status":"open","sticky":false,"template":"","format":"standard","meta":{"footnotes":""},"categories":[2],"tags":[],"class_list":["post-25416","post","type-post","status-publish","format-standard","has-post-thumbnail","hentry","category-actual"],"_links":{"self":[{"href":"https:\/\/247stiri.ro\/index.php\/wp-json\/wp\/v2\/posts\/25416","targetHints":{"allow":["GET"]}}],"collection":[{"href":"https:\/\/247stiri.ro\/index.php\/wp-json\/wp\/v2\/posts"}],"about":[{"href":"https:\/\/247stiri.ro\/index.php\/wp-json\/wp\/v2\/types\/post"}],"replies":[{"embeddable":true,"href":"https:\/\/247stiri.ro\/index.php\/wp-json\/wp\/v2\/comments?post=25416"}],"version-history":[{"count":0,"href":"https:\/\/247stiri.ro\/index.php\/wp-json\/wp\/v2\/posts\/25416\/revisions"}],"wp:featuredmedia":[{"embeddable":true,"href":"https:\/\/247stiri.ro\/index.php\/wp-json\/wp\/v2\/media\/25409"}],"wp:attachment":[{"href":"https:\/\/247stiri.ro\/index.php\/wp-json\/wp\/v2\/media?parent=25416"}],"wp:term":[{"taxonomy":"category","embeddable":true,"href":"https:\/\/247stiri.ro\/index.php\/wp-json\/wp\/v2\/categories?post=25416"},{"taxonomy":"post_tag","embeddable":true,"href":"https:\/\/247stiri.ro\/index.php\/wp-json\/wp\/v2\/tags?post=25416"}],"curies":[{"name":"wp","href":"https:\/\/api.w.org\/{rel}","templated":true}]}}