{"id":25451,"date":"2025-01-19T10:45:39","date_gmt":"2025-01-19T10:45:39","guid":{"rendered":"https:\/\/247stiri.ro\/index.php\/2025\/01\/19\/locatarii-unui-bloc-din-baia-mare-si-au-amenajat-primul-buncar-de-protectie-pentru-situatii-limita-din-romania\/"},"modified":"2025-01-19T10:45:39","modified_gmt":"2025-01-19T10:45:39","slug":"locatarii-unui-bloc-din-baia-mare-si-au-amenajat-primul-buncar-de-protectie-pentru-situatii-limita-din-romania","status":"publish","type":"post","link":"https:\/\/247stiri.ro\/index.php\/2025\/01\/19\/locatarii-unui-bloc-din-baia-mare-si-au-amenajat-primul-buncar-de-protectie-pentru-situatii-limita-din-romania\/","title":{"rendered":"Locatarii unui bloc din Baia Mare \u0219i-au amenajat primul bunc\u0103r de protec\u021bie pentru situa\u021bii limit\u0103 din Rom\u00e2nia"},"content":{"rendered":"<p>\u00cenc\u00e2ntat de ini\u021biativa, edilul a cerut imediat sprijin pentru ei. \u201eOamenii chiar au o ini\u021biativ\u0103 foarte bun\u0103, nu stau dup\u0103 noi\u201d, a spus primarul.<\/p>\n<p>Cu resurse proprii,locatarii cu ini\u021biativ\u0103 au demarat lucr\u0103rile, apoi l-au invitat pe \u00a0primarul municipiului, Doru D\u0103ncu\u0219, s\u0103 viziteze proiectul.\u00a0Impresionat de ce a g\u0103sit la fa\u021ba locului, edilul \u0219i-a sunat subalternii \u0219i a cerut sprijin pentru locatari.<\/p>\n<p>Ulterior, Doru D\u0103ncu\u0219 i-a l\u0103udat pe oameni \u0219i \u00eentr-o postare pe Facebook.<\/p>\n<p><a title=\"Un roman si-a facut bunker antiatomic in curtea casei. Constructorul inventiv a filmat intreg procesul si a uimit tot internetul\" href=\"https:\/\/www.realitatea.net\/stiri\/actual\/un-roman-sia-facut-bunker-antiatomic-in-curtea-casei-constructorul-inventiv-a-filmat-intregul-procesul-si-a-uimit-tot-internetul_66f70197ebbba80ede723ded\">Un rom\u00e2n \u0219i-a f\u0103cut bunker antiatomic \u00een curtea casei. Constructorul inventiv a filmat \u00eentreg procesul \u0219i a uimit tot internetul<\/a><\/p>\n<p>\u201eDup\u0103 exemplul bunului gospodar care \u00ee\u015fi preg\u0103te\u015fte sania din var\u0103 \u015fi c\u0103ru\u0163a din iarn\u0103, c\u00e2\u0163iva b\u0103im\u0103reni au decis s\u0103 fie prev\u0103z\u0103tori \u015fi au \u00eenceput amenajarea unui bunc\u0103r la subsolul blocului&#8221;, a spus primarul ora\u015fului \u00eentr-o postare pe re\u021beaua de socializare.<\/p>\n\n<p>Locatarii blocului au solicitat \u00eendrumarea autorit\u0103\u0163ilor locale pentru a se convinge c\u0103 procedeaz\u0103 corect.\u00a0\u201eNe-am \u00eent\u00e2lnit la discu\u0163iile de zilele trecute din zona Decebal \u015fi m-au dus s\u0103 \u00eemi arate ce au reu\u015fit s\u0103 realizeze prin propriile eforturi, prin munc\u0103 \u015fi voin\u0163\u0103.<\/p>\n<p>Dorin\u0163a lor este doar ca ni\u015fte persoane avizate din Prim\u0103rie \u015fi ISU s\u0103 \u00eei ghideze pentru a putea s\u0103 finalizeze lucrarea conform normelor de siguran\u0163\u0103. Am discutat deja cu colegii mei \u015fi ne vom ocupa \u00een cel mai scurt timp de aceast\u0103 etap\u0103&#8221;, a precizat Doru D\u0103ncu\u015f.<\/p>\n<p>Primarul municipiului Baia Mare \u00eendeman\u0103 \u0219i alte asocia\u021bii de locatari s\u0103 ia aceea\u0219i ini\u021biativ\u0103.<\/p>\n<p>\u201e\u00cei felicit pentru aceast\u0103 ini\u0163iativ\u0103 care poate face diferen\u0163a \u00een situa\u0163ii nedorite. Mi-ar pl\u0103cea ca toate asocia\u0163iile de locatari s\u0103 vad\u0103 aceste imagini, cum ace\u015fti oameni s-au mobilizat f\u0103r\u0103 s\u0103 a\u015ftepte din partea altora.<\/p>\n<p>\u00cen continuare, \u00eei asigur pe to\u0163i cet\u0103\u0163enii c\u0103 voi sus\u0163ine orice ini\u0163iativ\u0103 benefic\u0103 pentru ei \u015fi pentru ora\u015ful nostru&#8221;, a dat asigur\u0103ri primarul.\u00a0<\/p>\n<p><a title=\"Romanii care stau la bloc se pot alege cu  o amenda de pana la 10.000 de lei. Legea nu le da voie sa faca aceste lucruri\" href=\"https:\/\/www.realitatea.net\/stiri\/actual\/romanii-care-stau-la-bloc-se-pot-alege-cu-o-amenda-de-pana-la-10000-de-lei-legea-nu-le-da-voie-sa-faca-aceste-lucruri_678c9b208a9e922ff1427c9f\">Rom\u00e2nii care stau la bloc se pot alege cu o amenda de p\u00e2n\u0103 la 10.000 de lei. Legea nu le d\u0103 voie s\u0103 fac\u0103 aceste lucruri<\/a><\/p>","protected":false},"excerpt":{"rendered":"<p>\u00cenc\u00e2ntat de ini\u021biativa, edilul a cerut imediat sprijin pentru ei. \u201eOamenii chiar au o ini\u021biativ\u0103&hellip;<\/p>\n","protected":false},"author":0,"featured_media":25452,"comment_status":"open","ping_status":"open","sticky":false,"template":"","format":"standard","meta":{"footnotes":""},"categories":[2],"tags":[],"class_list":["post-25451","post","type-post","status-publish","format-standard","has-post-thumbnail","hentry","category-actual"],"_links":{"self":[{"href":"https:\/\/247stiri.ro\/index.php\/wp-json\/wp\/v2\/posts\/25451","targetHints":{"allow":["GET"]}}],"collection":[{"href":"https:\/\/247stiri.ro\/index.php\/wp-json\/wp\/v2\/posts"}],"about":[{"href":"https:\/\/247stiri.ro\/index.php\/wp-json\/wp\/v2\/types\/post"}],"replies":[{"embeddable":true,"href":"https:\/\/247stiri.ro\/index.php\/wp-json\/wp\/v2\/comments?post=25451"}],"version-history":[{"count":0,"href":"https:\/\/247stiri.ro\/index.php\/wp-json\/wp\/v2\/posts\/25451\/revisions"}],"wp:featuredmedia":[{"embeddable":true,"href":"https:\/\/247stiri.ro\/index.php\/wp-json\/wp\/v2\/media\/25452"}],"wp:attachment":[{"href":"https:\/\/247stiri.ro\/index.php\/wp-json\/wp\/v2\/media?parent=25451"}],"wp:term":[{"taxonomy":"category","embeddable":true,"href":"https:\/\/247stiri.ro\/index.php\/wp-json\/wp\/v2\/categories?post=25451"},{"taxonomy":"post_tag","embeddable":true,"href":"https:\/\/247stiri.ro\/index.php\/wp-json\/wp\/v2\/tags?post=25451"}],"curies":[{"name":"wp","href":"https:\/\/api.w.org\/{rel}","templated":true}]}}