{"id":25500,"date":"2025-01-19T13:45:06","date_gmt":"2025-01-19T13:45:06","guid":{"rendered":"https:\/\/247stiri.ro\/index.php\/2025\/01\/19\/de-ce-nu-va-organiza-ministerul-educatiei-olimpiade-scolare-pentru-clasele-i-iv-in-acest-an-anuntul-ministrului-daniel-david\/"},"modified":"2025-01-19T13:45:06","modified_gmt":"2025-01-19T13:45:06","slug":"de-ce-nu-va-organiza-ministerul-educatiei-olimpiade-scolare-pentru-clasele-i-iv-in-acest-an-anuntul-ministrului-daniel-david","status":"publish","type":"post","link":"https:\/\/247stiri.ro\/index.php\/2025\/01\/19\/de-ce-nu-va-organiza-ministerul-educatiei-olimpiade-scolare-pentru-clasele-i-iv-in-acest-an-anuntul-ministrului-daniel-david\/","title":{"rendered":"De ce nu va organiza Ministerul Educa\u021biei olimpiade \u0219colare pentru clasele I &#8211; IV \u00een acest an. Anun\u021bul ministrului Daniel David"},"content":{"rendered":"<p>&#8222;V\u0103d c\u0103 este primit\u0103 \u00een spa\u021biul public cu mult\u0103 curiozitate vestea c\u0103 Ministerul Educa\u021biei \u0219i Cercet\u0103rii nu organizeaz\u0103 olimpiade \u0219colare pentru clasele I &#8211; IV \u00een anul 2025. Din respect pentru aceast\u0103 preocupare, ca s\u0103 punem acest lucru \u00een context, iar apoi \u00een profunzime psihoeduca\u021bional\u0103, iat\u0103 cum stau lucrurile, pentru o \u00een\u021belegere mai clar\u0103 a acestei decizii: Adev\u0103rul este c\u0103 ministerul nu a organizat olimpiade \u0219colare pentru clasele I &#8211; IV nici anul trecut (2024), a\u0219a c\u0103 nu este chiar o premier\u0103&#8221;, a transmis ministrul.Potrivit acestuia, participarea la olimpiade organizate de minister aduce o greutate mai mare concursurilor, &#8222;\u00eencep\u00e2nd s\u0103 stimuleze prea devreme o industrie a medita\u021biilor \u0219i focaliz\u0103ri prea timpurii pe anumite domenii, ignor\u00e2ndu-se altele (tot de baz\u0103), ceea ce poate distorsiona dezvoltarea nivelului elementar al tuturor competen\u021belor-cheie&#8221;.<\/p>\n<p><a title='Ministrul Educatiei anunta o reforma majora: elevii si profesorii, vizati deopotriva. Ce se intampla cu programul \"Masa calda\"' href=\"https:\/\/www.realitatea.net\/stiri\/actual\/ministrul-educatiei-anunta-o-reforma-majora-elevii-si-profesorii-vizati-deopotriva-ce-se-intampla-cu-programul-masa-calda_678648491c2d6141c43d48cc\">Ministrul Educa\u021biei anun\u021b\u0103 o reform\u0103 major\u0103: elevii \u0219i profesorii, viza\u021bi deopotriv\u0103. Ce se \u00eent\u00e2mpl\u0103 cu programul &#8222;Masa cald\u0103&#8221;<\/a>&#8222;Am \u00eenlocuit la nivelul \u00eenv\u0103\u021b\u0103m\u00e2ntului primar evaluarea prin note cu evaluarea prin calificative tocmai \u00een lumina lucrurilor descrise mai sus, pentru a nu produce prea devreme segregare \u00eentre copii (\u0219i \u0219coli) \u0219i afectarea stimei de sine, important fiind aici s\u0103 dezvolt\u0103m nivelul elementar al tuturor competen\u021belor-cheie, \u00een ritmul personal al fiec\u0103rui copil, nu s\u0103 facem diferen\u021bieri prea fine (\u0219i adesea nerelevante) \u0219i prea devreme \u00eentre copii. \u00cen acela\u0219i spirit, la aceste v\u00e2rste se urm\u0103re\u0219te mai ales dezvoltarea cooper\u0103rii \u0219i a lucrului \u00een echip\u0103, competi\u021bia, important\u0103 \u0219i ea, trebuind \u00eens\u0103 g\u00e2ndit\u0103 la acest nivel \u00een acest context&#8221;, a explicat Daniel David.El a ad\u0103ugat c\u0103, pentru a stimula competi\u021bia adecvat\u0103, ministerul nu interzice derularea unor concursuri locale, regionale, na\u021bionale asumate autonom \u0219i responsabil de \u0219coal\u0103 \u0219i cu consultarea p\u0103rin\u021bilor, care pot p\u0103trunde \u00eentr-un portofoliu educa\u021bional mai extins, dar nu au greutatea \u0219i mesajul unei olimpiade organizate de minister, scrie Agerpres.&#8221;A\u0219adar, hai s\u0103 ne focaliz\u0103m \u00een clasele I &#8211; IV pe dezvoltarea riguroas\u0103 \u0219i \u00een ritmul personal, la c\u00e2t mai mul\u021bi copii, a tuturor aspectelor elementare necesare competen\u021belor-cheie, f\u0103r\u0103 s\u0103 distorsion\u0103m acest proces prea devreme prin focalizarea pe olimpiade organizate de minister, cu accente prea timpurii pe anumite domenii, ignor\u00e2ndu-se altele, dar l\u0103s\u00e2nd \u0219colilor posibilitatea s\u0103 fac\u0103 compara\u021bii responsabile \u0219i voluntare prin concursuri locale\/regionale\/na\u021bionale ce pot intra \u00eentr-un portofoliu educa\u021bional extins&#8221;, a completat ministrul Educa\u021biei.\u00a0<\/p>\n<p><a href=\"https:\/\/www.realitatea.net\/stiri\/actual\/daniel-david-mesaj-de-ziua-culturii-nationale-trebuie-sa-iesim-in-spatiul-public-si-sa-ducem-din-nou-lumina-cunoasterii-in-zone-in-care-a-inceput-sa-reapara-intunericul-si-obscurantismul_6787a1b02be1eb6089082612\" target=\"_blank\">Daniel David, mesaj de Ziua Culturii Na\u021bionale: \u201eTrebuie s\u0103 ie\u0219im \u00een spa\u021biul public \u0219i s\u0103 ducem din nou lumina cunoa\u0219terii \u00een zone \u00een care a \u00eenceput s\u0103 reapar\u0103 \u00eentunericul \u0219i obscurantismul\u201d<\/a><\/p>","protected":false},"excerpt":{"rendered":"<p>&#8222;V\u0103d c\u0103 este primit\u0103 \u00een spa\u021biul public cu mult\u0103 curiozitate vestea c\u0103 Ministerul Educa\u021biei \u0219i&hellip;<\/p>\n","protected":false},"author":0,"featured_media":25501,"comment_status":"open","ping_status":"open","sticky":false,"template":"","format":"standard","meta":{"footnotes":""},"categories":[2],"tags":[],"class_list":["post-25500","post","type-post","status-publish","format-standard","has-post-thumbnail","hentry","category-actual"],"_links":{"self":[{"href":"https:\/\/247stiri.ro\/index.php\/wp-json\/wp\/v2\/posts\/25500","targetHints":{"allow":["GET"]}}],"collection":[{"href":"https:\/\/247stiri.ro\/index.php\/wp-json\/wp\/v2\/posts"}],"about":[{"href":"https:\/\/247stiri.ro\/index.php\/wp-json\/wp\/v2\/types\/post"}],"replies":[{"embeddable":true,"href":"https:\/\/247stiri.ro\/index.php\/wp-json\/wp\/v2\/comments?post=25500"}],"version-history":[{"count":0,"href":"https:\/\/247stiri.ro\/index.php\/wp-json\/wp\/v2\/posts\/25500\/revisions"}],"wp:featuredmedia":[{"embeddable":true,"href":"https:\/\/247stiri.ro\/index.php\/wp-json\/wp\/v2\/media\/25501"}],"wp:attachment":[{"href":"https:\/\/247stiri.ro\/index.php\/wp-json\/wp\/v2\/media?parent=25500"}],"wp:term":[{"taxonomy":"category","embeddable":true,"href":"https:\/\/247stiri.ro\/index.php\/wp-json\/wp\/v2\/categories?post=25500"},{"taxonomy":"post_tag","embeddable":true,"href":"https:\/\/247stiri.ro\/index.php\/wp-json\/wp\/v2\/tags?post=25500"}],"curies":[{"name":"wp","href":"https:\/\/api.w.org\/{rel}","templated":true}]}}