{"id":25505,"date":"2025-01-19T13:45:07","date_gmt":"2025-01-19T13:45:07","guid":{"rendered":"https:\/\/247stiri.ro\/index.php\/2025\/01\/19\/amenda-uriasa-de-11-800-de-lei-pe-un-sofer-de-tir-ce-reguli-de-circulatie-a-incalcat-barbatul\/"},"modified":"2025-01-19T13:45:07","modified_gmt":"2025-01-19T13:45:07","slug":"amenda-uriasa-de-11-800-de-lei-pe-un-sofer-de-tir-ce-reguli-de-circulatie-a-incalcat-barbatul","status":"publish","type":"post","link":"https:\/\/247stiri.ro\/index.php\/2025\/01\/19\/amenda-uriasa-de-11-800-de-lei-pe-un-sofer-de-tir-ce-reguli-de-circulatie-a-incalcat-barbatul\/","title":{"rendered":"Amend\u0103 uria\u0219\u0103 de 11. 800 de lei pe un \u0219ofer de tir. Ce reguli de circula\u021bie a \u00eenc\u0103lcat b\u0103rbatul"},"content":{"rendered":"<p>Un \u0219ofer de TIR \u00een v\u00e2rst\u0103 de 43 de ani, din jude\u021bul Neam\u021b, a fost sanc\u021bionat cu amenzi \u00een valoare total\u0103 de 11.800 de lei, dup\u0103 ce a fost oprit \u00een trafic de poli\u021bi\u0219tii rutieri din jude\u021bul Mure\u0219, potrivit News.<\/p>\n<p>Acesta a \u00eenc\u0103lcat trei\u00a0reguli de circula\u021bie. \u0218oferul de camion a fost oprit de Poli\u021bia Rutier\u0103 pentru c\u0103 circula cu o vitez\u0103 de 76 km\/h \u00eentr-o localitate din jude\u021bul Mure\u0219, dep\u0103\u0219ind astfel limita legal\u0103.\u00a0<\/p>\n<p>\u00cen urma verific\u0103rilor efectuate, poli\u021bi\u0219tii au descoperit c\u0103 b\u0103rbatul utiliza o cartel\u0103 tahografic\u0103 emis\u0103 pe numele altei persoane, o practic\u0103 ilegal\u0103.\u00a0 De asemenea, acesta nu purta centura de siguran\u021b\u0103 \u00een momentul opririi.<\/p>\n<p>\u201eLa controlul efectuat, s-a constatat c\u0103 acesta utiliza o alt\u0103 cartel\u0103 tahografic\u0103 dec\u00e2t cea emis\u0103 pe numele s\u0103u \u015fi nu utiliza centura de siguran\u0163\u0103\u201d, spun reprezentan\u021bii Poli\u0163iei Mure\u015f.\u00a0<\/p>","protected":false},"excerpt":{"rendered":"<p>Un \u0219ofer de TIR \u00een v\u00e2rst\u0103 de 43 de ani, din jude\u021bul Neam\u021b, a fost&hellip;<\/p>\n","protected":false},"author":0,"featured_media":25473,"comment_status":"open","ping_status":"open","sticky":false,"template":"","format":"standard","meta":{"footnotes":""},"categories":[2],"tags":[],"class_list":["post-25505","post","type-post","status-publish","format-standard","has-post-thumbnail","hentry","category-actual"],"_links":{"self":[{"href":"https:\/\/247stiri.ro\/index.php\/wp-json\/wp\/v2\/posts\/25505","targetHints":{"allow":["GET"]}}],"collection":[{"href":"https:\/\/247stiri.ro\/index.php\/wp-json\/wp\/v2\/posts"}],"about":[{"href":"https:\/\/247stiri.ro\/index.php\/wp-json\/wp\/v2\/types\/post"}],"replies":[{"embeddable":true,"href":"https:\/\/247stiri.ro\/index.php\/wp-json\/wp\/v2\/comments?post=25505"}],"version-history":[{"count":0,"href":"https:\/\/247stiri.ro\/index.php\/wp-json\/wp\/v2\/posts\/25505\/revisions"}],"wp:featuredmedia":[{"embeddable":true,"href":"https:\/\/247stiri.ro\/index.php\/wp-json\/wp\/v2\/media\/25473"}],"wp:attachment":[{"href":"https:\/\/247stiri.ro\/index.php\/wp-json\/wp\/v2\/media?parent=25505"}],"wp:term":[{"taxonomy":"category","embeddable":true,"href":"https:\/\/247stiri.ro\/index.php\/wp-json\/wp\/v2\/categories?post=25505"},{"taxonomy":"post_tag","embeddable":true,"href":"https:\/\/247stiri.ro\/index.php\/wp-json\/wp\/v2\/tags?post=25505"}],"curies":[{"name":"wp","href":"https:\/\/api.w.org\/{rel}","templated":true}]}}