{"id":25518,"date":"2025-01-19T15:45:33","date_gmt":"2025-01-19T15:45:33","guid":{"rendered":"https:\/\/247stiri.ro\/index.php\/2025\/01\/19\/incendiu-devastator-intr-o-casa-din-alexandria-un-barbat-de-90-de-ani-a-ars-de-viu\/"},"modified":"2025-01-19T15:45:33","modified_gmt":"2025-01-19T15:45:33","slug":"incendiu-devastator-intr-o-casa-din-alexandria-un-barbat-de-90-de-ani-a-ars-de-viu","status":"publish","type":"post","link":"https:\/\/247stiri.ro\/index.php\/2025\/01\/19\/incendiu-devastator-intr-o-casa-din-alexandria-un-barbat-de-90-de-ani-a-ars-de-viu\/","title":{"rendered":"Incendiu devastator \u00eentr-o cas\u0103 din Alexandria: Un b\u0103rbat de 90 de ani a ars de viu"},"content":{"rendered":"<p>La fa\u021ba locului au intervenit dou\u0103 autospeciale de stingere cu ap\u0103 \u0219i spum\u0103, \u00eempreun\u0103 cu un echipaj SMURD. Incendiul, care a distrus bunurile materiale din dou\u0103 camere de locuit, a fost lichidat, \u00eens\u0103 echipele de interven\u021bie nu au mai putut face nimic pentru salvarea b\u0103rbatului.<\/p>\n<p>Incendiul a fost lichidat. Au ars bunurile materiale din dou\u0103 camere de locuit. \u00cen interiorul uneia dintre ele a fost g\u0103sit\u0103 o persoan\u0103 decedat\u0103, cel mai probabil proprietarul locuin\u021bei, un b\u0103rbat de circa 90 de ani.<\/p>\n<p>Cauza probabil\u0103 a incendiului a fost jarul\/sc\u00e2nteile c\u0103zute dintr-o sob\u0103 defect\u0103, potrivit ISU Teleorman.<\/p>\n<p>Pentru a preveni astfel de evenimente, pompierii recomand\u0103 cet\u0103\u021benilor:<\/p>\n<p>s\u0103 nu foloseasc\u0103 alte materiale combustibile \u00een afar\u0103 de cele pentru care a fost destinat\u0103 soba \u015fi s\u0103 evite supra\u00eenc\u0103rcarea acesteia;s\u0103 foloseasc\u0103 soba doar cu u\u015fi\u0163a \u00eenchis\u0103;s\u0103 a\u015feze o t\u0103vi\u0163\u0103 metalic\u0103 \u00een fa\u0163a sobei, \u00een dreptul u\u015fi\u0163ei;s\u0103 nu pun\u0103 \u00een apropierea sobei sau pe aceasta materiale u\u0219or combustibile;s\u0103 sting\u0103 focul din sob\u0103 \u00eenainte de a p\u0103r\u0103si locuin\u0163a;s\u0103 nu lase niciodat\u0103 copiii nesupraveghea\u0163i cu soba aprins\u0103 ori cu aparatele de \u00eenc\u0103lzire electrice \u00een func\u0163iune.<\/p>","protected":false},"excerpt":{"rendered":"<p>La fa\u021ba locului au intervenit dou\u0103 autospeciale de stingere cu ap\u0103 \u0219i spum\u0103, \u00eempreun\u0103 cu&hellip;<\/p>\n","protected":false},"author":0,"featured_media":25519,"comment_status":"open","ping_status":"open","sticky":false,"template":"","format":"standard","meta":{"footnotes":""},"categories":[2],"tags":[],"class_list":["post-25518","post","type-post","status-publish","format-standard","has-post-thumbnail","hentry","category-actual"],"_links":{"self":[{"href":"https:\/\/247stiri.ro\/index.php\/wp-json\/wp\/v2\/posts\/25518","targetHints":{"allow":["GET"]}}],"collection":[{"href":"https:\/\/247stiri.ro\/index.php\/wp-json\/wp\/v2\/posts"}],"about":[{"href":"https:\/\/247stiri.ro\/index.php\/wp-json\/wp\/v2\/types\/post"}],"replies":[{"embeddable":true,"href":"https:\/\/247stiri.ro\/index.php\/wp-json\/wp\/v2\/comments?post=25518"}],"version-history":[{"count":0,"href":"https:\/\/247stiri.ro\/index.php\/wp-json\/wp\/v2\/posts\/25518\/revisions"}],"wp:featuredmedia":[{"embeddable":true,"href":"https:\/\/247stiri.ro\/index.php\/wp-json\/wp\/v2\/media\/25519"}],"wp:attachment":[{"href":"https:\/\/247stiri.ro\/index.php\/wp-json\/wp\/v2\/media?parent=25518"}],"wp:term":[{"taxonomy":"category","embeddable":true,"href":"https:\/\/247stiri.ro\/index.php\/wp-json\/wp\/v2\/categories?post=25518"},{"taxonomy":"post_tag","embeddable":true,"href":"https:\/\/247stiri.ro\/index.php\/wp-json\/wp\/v2\/tags?post=25518"}],"curies":[{"name":"wp","href":"https:\/\/api.w.org\/{rel}","templated":true}]}}