{"id":25520,"date":"2025-01-19T15:45:34","date_gmt":"2025-01-19T15:45:34","guid":{"rendered":"https:\/\/247stiri.ro\/index.php\/2025\/01\/19\/calin-georgescu-ar-putea-depune-plangere-penala-impotriva-judecatorilor-ccr\/"},"modified":"2025-01-19T15:45:34","modified_gmt":"2025-01-19T15:45:34","slug":"calin-georgescu-ar-putea-depune-plangere-penala-impotriva-judecatorilor-ccr","status":"publish","type":"post","link":"https:\/\/247stiri.ro\/index.php\/2025\/01\/19\/calin-georgescu-ar-putea-depune-plangere-penala-impotriva-judecatorilor-ccr\/","title":{"rendered":"C\u0103lin Georgescu ar putea depune pl\u00e2ngere penal\u0103 \u00eempotriva judec\u0103torilor CCR!"},"content":{"rendered":"<p>Avoca\u021bii lui C\u0103lin Georgescu au anun\u021bat c\u0103 inten\u021bioneaz\u0103 s\u0103 depun\u0103 o pl\u00e2ngere penal\u0103 pe numele judec\u0103torilor CCR, acuz\u00e2ndu-i de abuz \u00een serviciu \u0219i alte nereguli \u00een procesul decizional. Curtea Suprem\u0103 a respins definitiv solicitarea de reluare a turului 2 pe 17 ianuarie.<\/p>\n<p>\u201eM\u0103 g\u00e2ndesc c\u0103 ar putea s\u0103 formuleze o pl\u00e2ngere penal\u0103 pentru infrac\u021biuni de abuz \u00een serviciu. Cred c\u0103 ar fi cea mai potrivit\u0103 infrac\u021biune. Sigur, dac\u0103 organele de anchet\u0103 vor decla\u0219a cercet\u0103rile, poate s\u0103 apar\u0103 \u0219i cine \u0219tie ce alte infrac\u021biuni. Trafic de influen\u021b\u0103. R\u0103m\u00e2ne de v\u0103zut. E foarte bine c\u0103 nu renun\u021b\u0103 la lupt\u0103.<\/p>\n<p>Toat\u0103 lumea este scandalizat\u0103 de aceast\u0103 decizie a Cur\u021bii Constitu\u021bionale. Pot s\u0103 apar\u0103 \u0219i alt gen de infrac\u021biuni. Solu\u021bia asta cu deciziile Cur\u021bii Constitu\u021bionale definitive \u0219i obligatorii, f\u0103r\u0103 s\u0103 ai posibilitatea s\u0103 le ataci, nu cred c\u0103 este cea mai potrivit\u0103 solu\u021bie\u201d, a spus avocatul Andrei Lazar, la Realitatea PLUS.<\/p>","protected":false},"excerpt":{"rendered":"<p>Avoca\u021bii lui C\u0103lin Georgescu au anun\u021bat c\u0103 inten\u021bioneaz\u0103 s\u0103 depun\u0103 o pl\u00e2ngere penal\u0103 pe numele&hellip;<\/p>\n","protected":false},"author":0,"featured_media":25521,"comment_status":"open","ping_status":"open","sticky":false,"template":"","format":"standard","meta":{"footnotes":""},"categories":[2],"tags":[],"class_list":["post-25520","post","type-post","status-publish","format-standard","has-post-thumbnail","hentry","category-actual"],"_links":{"self":[{"href":"https:\/\/247stiri.ro\/index.php\/wp-json\/wp\/v2\/posts\/25520","targetHints":{"allow":["GET"]}}],"collection":[{"href":"https:\/\/247stiri.ro\/index.php\/wp-json\/wp\/v2\/posts"}],"about":[{"href":"https:\/\/247stiri.ro\/index.php\/wp-json\/wp\/v2\/types\/post"}],"replies":[{"embeddable":true,"href":"https:\/\/247stiri.ro\/index.php\/wp-json\/wp\/v2\/comments?post=25520"}],"version-history":[{"count":0,"href":"https:\/\/247stiri.ro\/index.php\/wp-json\/wp\/v2\/posts\/25520\/revisions"}],"wp:featuredmedia":[{"embeddable":true,"href":"https:\/\/247stiri.ro\/index.php\/wp-json\/wp\/v2\/media\/25521"}],"wp:attachment":[{"href":"https:\/\/247stiri.ro\/index.php\/wp-json\/wp\/v2\/media?parent=25520"}],"wp:term":[{"taxonomy":"category","embeddable":true,"href":"https:\/\/247stiri.ro\/index.php\/wp-json\/wp\/v2\/categories?post=25520"},{"taxonomy":"post_tag","embeddable":true,"href":"https:\/\/247stiri.ro\/index.php\/wp-json\/wp\/v2\/tags?post=25520"}],"curies":[{"name":"wp","href":"https:\/\/api.w.org\/{rel}","templated":true}]}}