{"id":25529,"date":"2025-01-19T16:46:21","date_gmt":"2025-01-19T16:46:21","guid":{"rendered":"https:\/\/247stiri.ro\/index.php\/2025\/01\/19\/klaus-iohannis-romania-saluta-eliberarea-primului-grup-de-ostatici-inclusiv-a-femeilor-cu-origine-romana\/"},"modified":"2025-01-19T16:46:21","modified_gmt":"2025-01-19T16:46:21","slug":"klaus-iohannis-romania-saluta-eliberarea-primului-grup-de-ostatici-inclusiv-a-femeilor-cu-origine-romana","status":"publish","type":"post","link":"https:\/\/247stiri.ro\/index.php\/2025\/01\/19\/klaus-iohannis-romania-saluta-eliberarea-primului-grup-de-ostatici-inclusiv-a-femeilor-cu-origine-romana\/","title":{"rendered":"Klaus Iohannis: Rom\u00e2nia salut\u0103 eliberarea primului grup de ostatici, inclusiv a femeilor cu origine rom\u00e2n\u0103"},"content":{"rendered":"<p>\u201eRom\u00e2nia salut\u0103 eliberarea primului grup de ostatici, inclusiv un cet\u0103\u0163ean de origine rom\u00e2n\u0103, ca urmare a Acordului din Gaza\u201d, a declarat acesta \u00eentr-un mesaj publicat pe platforma X (fosta Twitter).<\/p>\n<p>Pre\u015fedintele a mul\u0163umit partenerilor interna\u0163ionali care au sprijinit acest proces delicat \u015fi a f\u0103cut un apel ferm pentru continuarea implement\u0103rii acordului. \u201eMul\u0163umim tuturor partenerilor pentru sprijin \u015fi cerem continuarea implement\u0103rii acordului, pentru returnarea celorlal\u0163i ostatici c\u0103tre familii\u201d, a ad\u0103ugat Klaus Iohannis.<\/p>\n<p>Eliberarea cet\u0103\u0163enei de origine rom\u00e2n\u0103, Doron Steinbrecher, al\u0103turi de alte dou\u0103 femei, reprezint\u0103 un pas important \u00een cadrul acordului de \u00eencetare a focului \u0219i a schimbului de ostatici cu de\u021binu\u021bi palestinieni.<\/p>\n<p><a href=\"https:\/\/www.realitatea.net\/stiri\/actual\/armistitiu-intre-israel-si-hamas-teroristii-au-predat-crucii-rosii-trei-ostatice-una-dintre-felei-este-romanca_678d21975a446b4e83710442\" target=\"_blank\">Armisti\u0163iu \u00eentre Israel \u015fi Hamas: Terori\u0219tii au predat Crucii Ro\u015fii trei ostatice. Una dintre femei este rom\u00e2nc\u0103<\/a><\/p>","protected":false},"excerpt":{"rendered":"<p>\u201eRom\u00e2nia salut\u0103 eliberarea primului grup de ostatici, inclusiv un cet\u0103\u0163ean de origine rom\u00e2n\u0103, ca urmare&hellip;<\/p>\n","protected":false},"author":0,"featured_media":25527,"comment_status":"open","ping_status":"open","sticky":false,"template":"","format":"standard","meta":{"footnotes":""},"categories":[2],"tags":[],"class_list":["post-25529","post","type-post","status-publish","format-standard","has-post-thumbnail","hentry","category-actual"],"_links":{"self":[{"href":"https:\/\/247stiri.ro\/index.php\/wp-json\/wp\/v2\/posts\/25529","targetHints":{"allow":["GET"]}}],"collection":[{"href":"https:\/\/247stiri.ro\/index.php\/wp-json\/wp\/v2\/posts"}],"about":[{"href":"https:\/\/247stiri.ro\/index.php\/wp-json\/wp\/v2\/types\/post"}],"replies":[{"embeddable":true,"href":"https:\/\/247stiri.ro\/index.php\/wp-json\/wp\/v2\/comments?post=25529"}],"version-history":[{"count":0,"href":"https:\/\/247stiri.ro\/index.php\/wp-json\/wp\/v2\/posts\/25529\/revisions"}],"wp:featuredmedia":[{"embeddable":true,"href":"https:\/\/247stiri.ro\/index.php\/wp-json\/wp\/v2\/media\/25527"}],"wp:attachment":[{"href":"https:\/\/247stiri.ro\/index.php\/wp-json\/wp\/v2\/media?parent=25529"}],"wp:term":[{"taxonomy":"category","embeddable":true,"href":"https:\/\/247stiri.ro\/index.php\/wp-json\/wp\/v2\/categories?post=25529"},{"taxonomy":"post_tag","embeddable":true,"href":"https:\/\/247stiri.ro\/index.php\/wp-json\/wp\/v2\/tags?post=25529"}],"curies":[{"name":"wp","href":"https:\/\/api.w.org\/{rel}","templated":true}]}}