{"id":25552,"date":"2025-01-19T19:45:12","date_gmt":"2025-01-19T19:45:12","guid":{"rendered":"https:\/\/247stiri.ro\/index.php\/2025\/01\/19\/calin-georgescu-ii-invita-pe-romani-sa-participe-la-marea-hora-a-unirii-neamului-pe-24-ianuarie\/"},"modified":"2025-01-19T19:45:12","modified_gmt":"2025-01-19T19:45:12","slug":"calin-georgescu-ii-invita-pe-romani-sa-participe-la-marea-hora-a-unirii-neamului-pe-24-ianuarie","status":"publish","type":"post","link":"https:\/\/247stiri.ro\/index.php\/2025\/01\/19\/calin-georgescu-ii-invita-pe-romani-sa-participe-la-marea-hora-a-unirii-neamului-pe-24-ianuarie\/","title":{"rendered":"C\u0103lin Georgescu \u00eei invit\u0103 pe rom\u00e2ni s\u0103 participe la Marea Hor\u0103 a Unirii Neamului pe 24 ianuarie"},"content":{"rendered":"<p>Apelul s\u0103u este adresat tuturor rom\u00e2nilor, indiferent de orient\u0103rile politice, subliniind importan\u021ba solidarit\u0103\u021bii \u0219i a unui dialog constructiv pentru viitorul \u021b\u0103rii.<\/p>\n<p>\u201e\u0218i cel mai important, vede\u021bi, s-a dus acest val exact pe aceste zile, pe acest ianuarie, \u00eenc\u0103rcat istoric, pentru c\u0103 pe 24 ianuarie 1859 Unirea Principatelor a \u00eensemnat actul fundamental pentru Rom\u00e2nia modern\u0103. \u0218i atunci, cel care a fost \u0219i de fapt este Alexandru Ioan Cuza, fondatorul de drept al statului na\u021bional modern, a reprezentat acest act f\u0103r\u0103 de care nu se putea \u00eenf\u0103ptui unirea din 1 decembrie 1918. \u0218i am auzit \u0219i acum, \u0219i \u00een al\u021bii ani, de acest fals, ca s\u0103 nu zic, zona pseudocult\u0103 numit\u0103 Unirea Mic\u0103. Nu are nimic de a face. Deci ori e fals, ori e pseudocultur\u0103. F\u0103r\u0103 24 ianuarie 1859, nu putea s\u0103 existe 1 decembrie 1918.<\/p>\n<p>Iar Alexandru Ioan Cuza, al\u0103turi de Mihai Viteazul sau de Constantin Br\u00e2ncoveanu, reprezint\u0103 un simbol istoric \u00een fa\u021ba c\u0103ruia noi, ca popor, trebuie s\u0103 ne \u00eenchin\u0103m cu smerenie. Pentru c\u0103 aceast\u0103 personalitate a \u00eensemnat ceva m\u0103re\u021b. El a fost aceast\u0103 m\u0103re\u021bie a sinteizei \u00eentre Orient \u0219i Occident \u0219i a fost omul providen\u021bial \u00eentr-un moment astral. <\/p>\n<p>Exact asta s-a \u00eent\u00e2mplat. \u0218i de aceea \u00eemi permis s\u0103 fac un anun\u021b ast\u0103zi \u00een cadrul emisiunii dumneavoastr\u0103. Fiind 24 ianuarie \u0219i poporul rom\u00e2n ajung\u00e2nd la aceast\u0103 trezire \u00een con\u0219tin\u021b\u0103 care \u00eenseamn\u0103 de fapt a fi, eu le spun a\u0219a tuturor: dragi rom\u00e2ni din \u021bar\u0103 \u0219i din afara \u021b\u0103rii, v\u0103 chem la Marea Hor\u0103 a Unirii Neamului pe 24 ianuarie 2025 la ora 13.00.<\/p>\n<p>Pentru c\u0103 avem nevoie s\u0103 ne sim\u021bim \u00eempreun\u0103.\u00a0S\u0103 sim\u021bim cine suntem \u0219i s\u0103 sim\u021bim, \u00een primul r\u00e2nd, unitatea, armonia \u0219i comuniunea dintre noi. A\u0219a \u00eenc\u00e2t s\u0103 v\u0103 chem \u00een Marea Hor\u0103 a Unirii Neamului, \u00een care \u0219i eu vreau s\u0103 particip, s\u0103 m\u0103 \u00eenhoresc cu rom\u00e2nii \u0219i voi fi \u00een Pia\u021ba Victoriei, vineri, pe 24 ianuarie, \u00een modul cel mai pa\u0219nic cu putin\u021b\u0103 \u0219i elegant \u0219i demn, a\u0219a cum am f\u0103cut-o p\u00e2n\u0103 acum, f\u0103r\u0103 niciun alt obiectiv dec\u00e2t acela de a \u0219ti c\u0103 ne-am unit. Este ceva m\u0103re\u021b.<\/p>\n<p>Pentru c\u0103, a\u0219a cum am spus la \u00eenceputul emisiunii, este cel mai mare proiect istoric pe care poporul rom\u00e2n l-a avut dintotdeauna. Chiar dac\u0103 am plecat de la 1600, de fapt, de la cel care a fost un miracol istoric pentru poporul rom\u00e2n Mihai Viteazul, \u0219i ajung\u00e2nd la Cuza, 1918, \u0219i ajung\u00e2nd ast\u0103zi, a Treia Unire este ceva des\u0103v\u00e2r\u0219it, lucru pe care a trebuit s\u0103-l fac\u0103 toate popoarele lumei. Ori noi, prin acest gest, \u0219i aici m\u0103 reg\u0103sesc \u00eentru totul \u00een acest act m\u0103re\u021b al poporului rom\u00e2n, este pur \u0219i simplu de a sintetiza printr-o expresie unic\u0103 \u0219i aceea a iubirii c\u0103 putem s\u0103 fim \u00eempreun\u0103.<\/p>\n<p>Eu nu spun c\u0103 este protest. Eu spun c\u0103 este o manifestare a iubirii din noi.  Ne-am unit \u0219i ne-am reg\u0103sit. Exact ce am spus la \u00eenceputul emisiunii. \u00cen sensul \u00een care dezbina\u021bi avem st\u0103p\u00e2ni, uni\u021bi noi suntem st\u0103p\u00e2ni. Despre asta e vorba. Cine n-a reu\u0219it s\u0103 se trezeasc\u0103 \u00een con\u0219tiin\u021b\u0103 se va trezi. Mai devreme sau mai t\u00e2rziu se va \u00eent\u00e2mpla acest lucru.<\/p>\n<p>\u00cens\u0103 este bine s\u0103 ias\u0103, este bine s\u0103 se exprime, pentru c\u0103 sub aceast\u0103 form\u0103 reu\u0219im s\u0103 aducem lucrurile la un numitor comun, \u0219i anume \u00een\u021belegerea dintre noi. De aceea, mesajul meu pentru ziua de vineri, \u00een urma chem\u0103rii pe care am f\u0103cut-o dragului popor rom\u00e2n, care poate s\u0103 vin\u0103 \u0219i s\u0103 se uneasc\u0103 \u0219i s\u0103 intre \u00een hor\u0103, \u00eentr-un loc simbolic \u00een toate ora\u0219ele \u021b\u0103rii. Fiecare se une\u0219te \u00een fa\u021ba unei statui simbol, \u00een fa\u021ba unui loc administrativ, cum eu am s\u0103 m\u0103 duc \u00een pia\u021ba Victoriei\u201d, a spus C\u0103lin Georgescu, la Realitatea PLUS.<\/p>","protected":false},"excerpt":{"rendered":"<p>Apelul s\u0103u este adresat tuturor rom\u00e2nilor, indiferent de orient\u0103rile politice, subliniind importan\u021ba solidarit\u0103\u021bii \u0219i a&hellip;<\/p>\n","protected":false},"author":0,"featured_media":25553,"comment_status":"open","ping_status":"open","sticky":false,"template":"","format":"standard","meta":{"footnotes":""},"categories":[2],"tags":[],"class_list":["post-25552","post","type-post","status-publish","format-standard","has-post-thumbnail","hentry","category-actual"],"_links":{"self":[{"href":"https:\/\/247stiri.ro\/index.php\/wp-json\/wp\/v2\/posts\/25552","targetHints":{"allow":["GET"]}}],"collection":[{"href":"https:\/\/247stiri.ro\/index.php\/wp-json\/wp\/v2\/posts"}],"about":[{"href":"https:\/\/247stiri.ro\/index.php\/wp-json\/wp\/v2\/types\/post"}],"replies":[{"embeddable":true,"href":"https:\/\/247stiri.ro\/index.php\/wp-json\/wp\/v2\/comments?post=25552"}],"version-history":[{"count":0,"href":"https:\/\/247stiri.ro\/index.php\/wp-json\/wp\/v2\/posts\/25552\/revisions"}],"wp:featuredmedia":[{"embeddable":true,"href":"https:\/\/247stiri.ro\/index.php\/wp-json\/wp\/v2\/media\/25553"}],"wp:attachment":[{"href":"https:\/\/247stiri.ro\/index.php\/wp-json\/wp\/v2\/media?parent=25552"}],"wp:term":[{"taxonomy":"category","embeddable":true,"href":"https:\/\/247stiri.ro\/index.php\/wp-json\/wp\/v2\/categories?post=25552"},{"taxonomy":"post_tag","embeddable":true,"href":"https:\/\/247stiri.ro\/index.php\/wp-json\/wp\/v2\/tags?post=25552"}],"curies":[{"name":"wp","href":"https:\/\/api.w.org\/{rel}","templated":true}]}}